{"id":2272,"date":"2026-03-25T19:01:55","date_gmt":"2026-03-25T22:01:55","guid":{"rendered":"https:\/\/www.internationalfinanceconference.com\/ifc2026\/?p=2272"},"modified":"2026-03-25T19:13:54","modified_gmt":"2026-03-25T22:13:54","slug":"la-banca-y-su-rol-en-la-economia-sostenible-ifc-2026","status":"publish","type":"post","link":"https:\/\/www.internationalfinanceconference.com\/ifc2026\/2026\/03\/25\/la-banca-y-su-rol-en-la-economia-sostenible-ifc-2026\/","title":{"rendered":"La banca y su rol en la econom\u00eda sostenible ser\u00e1n tema de una nueva actividad acad\u00e9mica camino a la IFC 2026"},"content":{"rendered":"\t\t<div data-elementor-type=\"wp-post\" data-elementor-id=\"2272\" class=\"elementor elementor-2272\">\n\t\t\t\t\t\t\t\t\t<section class=\"elementor-section elementor-top-section elementor-element elementor-element-caebc52 elementor-section-boxed elementor-section-height-default elementor-section-height-default\" data-id=\"caebc52\" data-element_type=\"section\">\n\t\t\t\t\t\t<div class=\"elementor-container elementor-column-gap-default\">\n\t\t\t\t\t<div class=\"elementor-column elementor-col-100 elementor-top-column elementor-element elementor-element-68dee99\" data-id=\"68dee99\" data-element_type=\"column\">\n\t\t\t<div class=\"elementor-widget-wrap elementor-element-populated\">\n\t\t\t\t\t\t\t\t<div class=\"elementor-element elementor-element-0642b45 elementor-widget elementor-widget-theme-post-title elementor-page-title elementor-widget-heading\" data-id=\"0642b45\" data-element_type=\"widget\" data-widget_type=\"theme-post-title.default\">\n\t\t\t\t<div class=\"elementor-widget-container\">\n\t\t\t<style>\/*! elementor - v3.6.3 - 12-04-2022 *\/\n.elementor-heading-title{padding:0;margin:0;line-height:1}.elementor-widget-heading .elementor-heading-title[class*=elementor-size-]>a{color:inherit;font-size:inherit;line-height:inherit}.elementor-widget-heading .elementor-heading-title.elementor-size-small{font-size:15px}.elementor-widget-heading .elementor-heading-title.elementor-size-medium{font-size:19px}.elementor-widget-heading .elementor-heading-title.elementor-size-large{font-size:29px}.elementor-widget-heading .elementor-heading-title.elementor-size-xl{font-size:39px}.elementor-widget-heading .elementor-heading-title.elementor-size-xxl{font-size:59px}<\/style><h1 class=\"elementor-heading-title elementor-size-default\">La banca y su rol en la econom\u00eda sostenible ser\u00e1n tema de una nueva actividad acad\u00e9mica camino a la IFC 2026<\/h1>\t\t<\/div>\n\t\t\t\t<\/div>\n\t\t\t\t<div class=\"elementor-element elementor-element-0d875f8 elementor-widget elementor-widget-text-editor\" data-id=\"0d875f8\" data-element_type=\"widget\" data-widget_type=\"text-editor.default\">\n\t\t\t\t<div class=\"elementor-widget-container\">\n\t\t\t<style>\/*! elementor - v3.6.3 - 12-04-2022 *\/\n.elementor-widget-text-editor.elementor-drop-cap-view-stacked .elementor-drop-cap{background-color:#818a91;color:#fff}.elementor-widget-text-editor.elementor-drop-cap-view-framed .elementor-drop-cap{color:#818a91;border:3px solid;background-color:transparent}.elementor-widget-text-editor:not(.elementor-drop-cap-view-default) .elementor-drop-cap{margin-top:8px}.elementor-widget-text-editor:not(.elementor-drop-cap-view-default) .elementor-drop-cap-letter{width:1em;height:1em}.elementor-widget-text-editor .elementor-drop-cap{float:left;text-align:center;line-height:1;font-size:50px}.elementor-widget-text-editor .elementor-drop-cap-letter{display:inline-block}<\/style>\t\t\t\t<p>En el marco de las actividades acad\u00e9micas previas a la <strong>XXVI International Finance Conference (IFC 2026)<\/strong>, se realizar\u00e1 una sesi\u00f3n virtual el <strong>22 de abril de 2026 a las 17:00 (UTC-5)<\/strong>, que contar\u00e1 con la participaci\u00f3n del economista colombiano <strong>Daniel Lacouture<\/strong>, Director de Sostenibilidad de Asobancaria.<\/p>\n<p>La conferencia se titula <em>\u201cSustainable finance: how banking is driving the sustainable economy in Colombia\u201d<\/em> y se centrar\u00e1 en la relaci\u00f3n entre el sistema bancario y el desarrollo de la econom\u00eda sostenible en Colombia.<\/p>\n<p>La actividad se desarrolla como parte de las iniciativas acad\u00e9micas <strong>camino a la International Finance Conference 2026<\/strong>, que se llevar\u00e1 a cabo en la ciudad de <strong>Manizales, Colombia, del 23 al 26 de septiembre de 2026<\/strong>, teniendo como instituci\u00f3n anfitriona a la <strong>Universidad de Manizales<\/strong>.<\/p>\t\t\t\t\t\t<\/div>\n\t\t\t\t<\/div>\n\t\t\t\t<div class=\"elementor-element elementor-element-a187db1 elementor-widget-divider--view-line elementor-widget elementor-widget-divider\" data-id=\"a187db1\" data-element_type=\"widget\" data-widget_type=\"divider.default\">\n\t\t\t\t<div class=\"elementor-widget-container\">\n\t\t\t<style>\/*! elementor - v3.6.3 - 12-04-2022 *\/\n.elementor-widget-divider{--divider-border-style:none;--divider-border-width:1px;--divider-color:#2c2c2c;--divider-icon-size:20px;--divider-element-spacing:10px;--divider-pattern-height:24px;--divider-pattern-size:20px;--divider-pattern-url:none;--divider-pattern-repeat:repeat-x}.elementor-widget-divider .elementor-divider{display:-webkit-box;display:-ms-flexbox;display:flex}.elementor-widget-divider .elementor-divider__text{font-size:15px;line-height:1;max-width:95%}.elementor-widget-divider .elementor-divider__element{margin:0 var(--divider-element-spacing);-ms-flex-negative:0;flex-shrink:0}.elementor-widget-divider .elementor-icon{font-size:var(--divider-icon-size)}.elementor-widget-divider .elementor-divider-separator{display:-webkit-box;display:-ms-flexbox;display:flex;margin:0;direction:ltr}.elementor-widget-divider--view-line_icon .elementor-divider-separator,.elementor-widget-divider--view-line_text .elementor-divider-separator{-webkit-box-align:center;-ms-flex-align:center;align-items:center}.elementor-widget-divider--view-line_icon .elementor-divider-separator:after,.elementor-widget-divider--view-line_icon .elementor-divider-separator:before,.elementor-widget-divider--view-line_text .elementor-divider-separator:after,.elementor-widget-divider--view-line_text .elementor-divider-separator:before{display:block;content:\"\";border-bottom:0;-webkit-box-flex:1;-ms-flex-positive:1;flex-grow:1;border-top:var(--divider-border-width) var(--divider-border-style) var(--divider-color)}.elementor-widget-divider--element-align-left .elementor-divider .elementor-divider-separator>.elementor-divider__svg:first-of-type{-webkit-box-flex:0;-ms-flex-positive:0;flex-grow:0;-ms-flex-negative:100;flex-shrink:100}.elementor-widget-divider--element-align-left .elementor-divider-separator:before{content:none}.elementor-widget-divider--element-align-left .elementor-divider__element{margin-left:0}.elementor-widget-divider--element-align-right .elementor-divider .elementor-divider-separator>.elementor-divider__svg:last-of-type{-webkit-box-flex:0;-ms-flex-positive:0;flex-grow:0;-ms-flex-negative:100;flex-shrink:100}.elementor-widget-divider--element-align-right .elementor-divider-separator:after{content:none}.elementor-widget-divider--element-align-right .elementor-divider__element{margin-right:0}.elementor-widget-divider:not(.elementor-widget-divider--view-line_text):not(.elementor-widget-divider--view-line_icon) .elementor-divider-separator{border-top:var(--divider-border-width) var(--divider-border-style) var(--divider-color)}.elementor-widget-divider--separator-type-pattern{--divider-border-style:none}.elementor-widget-divider--separator-type-pattern.elementor-widget-divider--view-line .elementor-divider-separator,.elementor-widget-divider--separator-type-pattern:not(.elementor-widget-divider--view-line) .elementor-divider-separator:after,.elementor-widget-divider--separator-type-pattern:not(.elementor-widget-divider--view-line) .elementor-divider-separator:before,.elementor-widget-divider--separator-type-pattern:not([class*=elementor-widget-divider--view]) .elementor-divider-separator{width:100%;min-height:var(--divider-pattern-height);-webkit-mask-size:var(--divider-pattern-size) 100%;mask-size:var(--divider-pattern-size) 100%;-webkit-mask-repeat:var(--divider-pattern-repeat);mask-repeat:var(--divider-pattern-repeat);background-color:var(--divider-color);-webkit-mask-image:var(--divider-pattern-url);mask-image:var(--divider-pattern-url)}.elementor-widget-divider--no-spacing{--divider-pattern-size:auto}.elementor-widget-divider--bg-round{--divider-pattern-repeat:round}.rtl .elementor-widget-divider .elementor-divider__text{direction:rtl}<\/style>\t\t<div class=\"elementor-divider\">\n\t\t\t<span class=\"elementor-divider-separator\">\n\t\t\t\t\t\t<\/span>\n\t\t<\/div>\n\t\t\t\t<\/div>\n\t\t\t\t<\/div>\n\t\t\t\t<div class=\"elementor-element elementor-element-88786f6 elementor-widget elementor-widget-heading\" data-id=\"88786f6\" data-element_type=\"widget\" data-widget_type=\"heading.default\">\n\t\t\t\t<div class=\"elementor-widget-container\">\n\t\t\t<h2 class=\"elementor-heading-title elementor-size-default\">Trayectoria acad\u00e9mica y profesional<\/h2>\t\t<\/div>\n\t\t\t\t<\/div>\n\t\t\t\t<div class=\"elementor-element elementor-element-038eaeb elementor-widget elementor-widget-text-editor\" data-id=\"038eaeb\" data-element_type=\"widget\" data-widget_type=\"text-editor.default\">\n\t\t\t\t<div class=\"elementor-widget-container\">\n\t\t\t\t\t\t\t<p>Daniel Lacouture es economista con una Maestr\u00eda en Econom\u00eda por la Universidad Nacional de Colombia y un <strong>Master of Public Administration in Economic Policy Management<\/strong> por <strong>Columbia University (School of International and Public Affairs)<\/strong>, programa al que accedi\u00f3 como becario del <strong>Joint Japan\/World Bank Graduate Scholarship Program<\/strong>.<\/p>\n<p>Actualmente se desempe\u00f1a como <strong>Director de Sostenibilidad de Asobancaria<\/strong>. Anteriormente, fue asesor senior del Viceministerio de Hacienda de Colombia, participando en temas de pol\u00edtica econ\u00f3mica y financiera.<\/p>\n<p>En el \u00e1mbito acad\u00e9mico, es profesor de econom\u00eda y macroeconom\u00eda en la <strong>Pontificia Universidad Javeriana<\/strong>, donde ha impartido cursos de macroeconom\u00eda y principios de econom\u00eda.<\/p>\n<p>Su trayectoria profesional combina la academia, el sector p\u00fablico y el sistema financiero, con experiencia en temas econ\u00f3micos, financieros y de pol\u00edtica p\u00fablica.<\/p>\t\t\t\t\t\t<\/div>\n\t\t\t\t<\/div>\n\t\t\t\t<div class=\"elementor-element elementor-element-1293aaa elementor-widget elementor-widget-image\" data-id=\"1293aaa\" data-element_type=\"widget\" data-widget_type=\"image.default\">\n\t\t\t\t<div class=\"elementor-widget-container\">\n\t\t\t<style>\/*! elementor - v3.6.3 - 12-04-2022 *\/\n.elementor-widget-image{text-align:center}.elementor-widget-image a{display:inline-block}.elementor-widget-image a img[src$=\".svg\"]{width:48px}.elementor-widget-image img{vertical-align:middle;display:inline-block}<\/style>\t\t\t\t\t\t\t\t\t\t\t\t<img width=\"525\" height=\"525\" src=\"https:\/\/www.internationalfinanceconference.com\/ifc2026\/wp-content\/uploads\/16\/2026\/03\/WhatsApp-Image-2026-03-25-at-15.53.36-1024x1024.jpeg\" class=\"attachment-large size-large\" alt=\"\" srcset=\"https:\/\/www.internationalfinanceconference.com\/ifc2026\/wp-content\/uploads\/16\/2026\/03\/WhatsApp-Image-2026-03-25-at-15.53.36-100x100.jpeg 100w, https:\/\/www.internationalfinanceconference.com\/ifc2026\/wp-content\/uploads\/16\/2026\/03\/WhatsApp-Image-2026-03-25-at-15.53.36-150x150.jpeg 150w, https:\/\/www.internationalfinanceconference.com\/ifc2026\/wp-content\/uploads\/16\/2026\/03\/WhatsApp-Image-2026-03-25-at-15.53.36-300x300.jpeg 300w, https:\/\/www.internationalfinanceconference.com\/ifc2026\/wp-content\/uploads\/16\/2026\/03\/WhatsApp-Image-2026-03-25-at-15.53.36-768x768.jpeg 768w, https:\/\/www.internationalfinanceconference.com\/ifc2026\/wp-content\/uploads\/16\/2026\/03\/WhatsApp-Image-2026-03-25-at-15.53.36-1024x1024.jpeg 1024w, https:\/\/www.internationalfinanceconference.com\/ifc2026\/wp-content\/uploads\/16\/2026\/03\/WhatsApp-Image-2026-03-25-at-15.53.36-1536x1536.jpeg 1536w, https:\/\/www.internationalfinanceconference.com\/ifc2026\/wp-content\/uploads\/16\/2026\/03\/WhatsApp-Image-2026-03-25-at-15.53.36.jpeg 1600w\" sizes=\"100vw\" \/>\t\t\t\t\t\t\t\t\t\t\t\t\t\t\t<\/div>\n\t\t\t\t<\/div>\n\t\t\t\t<div class=\"elementor-element elementor-element-c095152 elementor-align-center elementor-widget elementor-widget-button\" data-id=\"c095152\" data-element_type=\"widget\" data-widget_type=\"button.default\">\n\t\t\t\t<div class=\"elementor-widget-container\">\n\t\t\t\t\t<div class=\"elementor-button-wrapper\">\n\t\t\t<a href=\"https:\/\/forms.office.com\/pages\/responsepage.aspx?id=TQQeT3A9kEmyarlfDGQuGh9al1X00UBHlKrH0kvUIglUNVExTFgwMjVSUzU0UkozOTBCUjA3V0hZOS4u&#038;origin=lprLink&#038;route=shorturl\" target=\"_blank\" class=\"elementor-button-link elementor-button elementor-size-sm\" role=\"button\">\n\t\t\t\t\t\t<span class=\"elementor-button-content-wrapper\">\n\t\t\t\t\t\t<span class=\"elementor-button-text\">INSCR\u00cdBETE AQU\u00cd<\/span>\n\t\t<\/span>\n\t\t\t\t\t<\/a>\n\t\t<\/div>\n\t\t\t\t<\/div>\n\t\t\t\t<\/div>\n\t\t\t\t<div class=\"elementor-element elementor-element-c586e29 elementor-widget-divider--view-line elementor-widget elementor-widget-divider\" data-id=\"c586e29\" data-element_type=\"widget\" data-widget_type=\"divider.default\">\n\t\t\t\t<div class=\"elementor-widget-container\">\n\t\t\t\t\t<div class=\"elementor-divider\">\n\t\t\t<span class=\"elementor-divider-separator\">\n\t\t\t\t\t\t<\/span>\n\t\t<\/div>\n\t\t\t\t<\/div>\n\t\t\t\t<\/div>\n\t\t\t\t<div class=\"elementor-element elementor-element-c15dd60 elementor-widget elementor-widget-text-editor\" data-id=\"c15dd60\" data-element_type=\"widget\" data-widget_type=\"text-editor.default\">\n\t\t\t\t<div class=\"elementor-widget-container\">\n\t\t\t\t\t\t\t<p>La XXVI edici\u00f3n de la International Finance Conference se realizar\u00e1 entre el <strong data-start=\"787\" data-end=\"846\">23 y el 26 de septiembre de 2026 en la ciudad colombiana de\u00a0 Manizales, <\/strong>teniendo como instituci\u00f3n anfitriona a la <strong data-start=\"890\" data-end=\"918\">Universidad de Manizales<\/strong>.<\/p><p>Bajo el lema <em data-start=\"933\" data-end=\"979\">\u201cFinance with Purpose, a Sustainable Future\u201d<\/em>, esta edici\u00f3n buscar\u00e1 profundizar el debate acad\u00e9mico y profesional en torno al rol de las finanzas en la construcci\u00f3n de un futuro sostenible.<\/p>\t\t\t\t\t\t<\/div>\n\t\t\t\t<\/div>\n\t\t\t\t\t<\/div>\n\t\t<\/div>\n\t\t\t\t\t\t\t<\/div>\n\t\t<\/section>\n\t\t\t\t\t\t\t<\/div>\n\t\t","protected":false},"excerpt":{"rendered":"<p>En el marco de las actividades acad\u00e9micas previas a la XXVI International Finance Conference (IFC 2026), se realizar\u00e1 una sesi\u00f3n virtual el 22 de abril de 2026 a las 17:00 (UTC-5), que contar\u00e1 con la participaci\u00f3n del economista colombiano Daniel Lacouture, Director de Sostenibilidad de Asobancaria. La conferencia se titula \u201cSustainable finance: how banking is &hellip; <\/p>\n<p class=\"link-more\"><a href=\"https:\/\/www.internationalfinanceconference.com\/ifc2026\/2026\/03\/25\/la-banca-y-su-rol-en-la-economia-sostenible-ifc-2026\/\" class=\"more-link\">Segu\u00ed leyendo<span class=\"screen-reader-text\"> &#8220;La banca y su rol en la econom\u00eda sostenible ser\u00e1n tema de una nueva actividad acad\u00e9mica camino a la IFC 2026&#8221;<\/span><\/a><\/p>\n","protected":false},"author":11,"featured_media":1632,"comment_status":"open","ping_status":"open","sticky":false,"template":"elementor_header_footer","format":"standard","meta":[],"categories":[11],"tags":[],"_links":{"self":[{"href":"https:\/\/www.internationalfinanceconference.com\/ifc2026\/wp-json\/wp\/v2\/posts\/2272"}],"collection":[{"href":"https:\/\/www.internationalfinanceconference.com\/ifc2026\/wp-json\/wp\/v2\/posts"}],"about":[{"href":"https:\/\/www.internationalfinanceconference.com\/ifc2026\/wp-json\/wp\/v2\/types\/post"}],"author":[{"embeddable":true,"href":"https:\/\/www.internationalfinanceconference.com\/ifc2026\/wp-json\/wp\/v2\/users\/11"}],"replies":[{"embeddable":true,"href":"https:\/\/www.internationalfinanceconference.com\/ifc2026\/wp-json\/wp\/v2\/comments?post=2272"}],"version-history":[{"count":13,"href":"https:\/\/www.internationalfinanceconference.com\/ifc2026\/wp-json\/wp\/v2\/posts\/2272\/revisions"}],"predecessor-version":[{"id":2286,"href":"https:\/\/www.internationalfinanceconference.com\/ifc2026\/wp-json\/wp\/v2\/posts\/2272\/revisions\/2286"}],"wp:featuredmedia":[{"embeddable":true,"href":"https:\/\/www.internationalfinanceconference.com\/ifc2026\/wp-json\/wp\/v2\/media\/1632"}],"wp:attachment":[{"href":"https:\/\/www.internationalfinanceconference.com\/ifc2026\/wp-json\/wp\/v2\/media?parent=2272"}],"wp:term":[{"taxonomy":"category","embeddable":true,"href":"https:\/\/www.internationalfinanceconference.com\/ifc2026\/wp-json\/wp\/v2\/categories?post=2272"},{"taxonomy":"post_tag","embeddable":true,"href":"https:\/\/www.internationalfinanceconference.com\/ifc2026\/wp-json\/wp\/v2\/tags?post=2272"}],"curies":[{"name":"wp","href":"https:\/\/api.w.org\/{rel}","templated":true}]}}