{"id":1666,"date":"2025-04-21T22:16:46","date_gmt":"2025-04-22T01:16:46","guid":{"rendered":"http:\/\/www.internationalfinanceconference.org\/ifc2025\/?p=1666"},"modified":"2025-04-21T22:54:50","modified_gmt":"2025-04-22T01:54:50","slug":"el-futuro-de-la-finanzas-digitales-tendencias-en-america-latina","status":"publish","type":"post","link":"https:\/\/www.internationalfinanceconference.com\/ifc2025\/2025\/04\/21\/el-futuro-de-la-finanzas-digitales-tendencias-en-america-latina\/","title":{"rendered":"El futuro de la finanzas digitales: Tendencias en Am\u00e9rica Latina"},"content":{"rendered":"\t\t<div data-elementor-type=\"wp-post\" data-elementor-id=\"1666\" class=\"elementor elementor-1666\">\n\t\t\t\t\t\t\t\t\t<section class=\"elementor-section elementor-top-section elementor-element elementor-element-1dddd5a elementor-section-boxed elementor-section-height-default elementor-section-height-default\" data-id=\"1dddd5a\" data-element_type=\"section\">\n\t\t\t\t\t\t<div class=\"elementor-container elementor-column-gap-default\">\n\t\t\t\t\t<div class=\"elementor-column elementor-col-100 elementor-top-column elementor-element elementor-element-89cdc04\" data-id=\"89cdc04\" data-element_type=\"column\">\n\t\t\t<div class=\"elementor-widget-wrap elementor-element-populated\">\n\t\t\t\t\t\t\t\t<div class=\"elementor-element elementor-element-8aa78e3 elementor-widget elementor-widget-theme-post-title elementor-page-title elementor-widget-heading\" data-id=\"8aa78e3\" data-element_type=\"widget\" data-widget_type=\"theme-post-title.default\">\n\t\t\t\t<div class=\"elementor-widget-container\">\n\t\t\t<style>\/*! elementor - v3.6.3 - 12-04-2022 *\/\n.elementor-heading-title{padding:0;margin:0;line-height:1}.elementor-widget-heading .elementor-heading-title[class*=elementor-size-]>a{color:inherit;font-size:inherit;line-height:inherit}.elementor-widget-heading .elementor-heading-title.elementor-size-small{font-size:15px}.elementor-widget-heading .elementor-heading-title.elementor-size-medium{font-size:19px}.elementor-widget-heading .elementor-heading-title.elementor-size-large{font-size:29px}.elementor-widget-heading .elementor-heading-title.elementor-size-xl{font-size:39px}.elementor-widget-heading .elementor-heading-title.elementor-size-xxl{font-size:59px}<\/style><h1 class=\"elementor-heading-title elementor-size-default\">El futuro de la finanzas digitales: Tendencias en Am\u00e9rica Latina<\/h1>\t\t<\/div>\n\t\t\t\t<\/div>\n\t\t\t\t<div class=\"elementor-element elementor-element-14db622 elementor-widget elementor-widget-text-editor\" data-id=\"14db622\" data-element_type=\"widget\" data-widget_type=\"text-editor.default\">\n\t\t\t\t<div class=\"elementor-widget-container\">\n\t\t\t<style>\/*! elementor - v3.6.3 - 12-04-2022 *\/\n.elementor-widget-text-editor.elementor-drop-cap-view-stacked .elementor-drop-cap{background-color:#818a91;color:#fff}.elementor-widget-text-editor.elementor-drop-cap-view-framed .elementor-drop-cap{color:#818a91;border:3px solid;background-color:transparent}.elementor-widget-text-editor:not(.elementor-drop-cap-view-default) .elementor-drop-cap{margin-top:8px}.elementor-widget-text-editor:not(.elementor-drop-cap-view-default) .elementor-drop-cap-letter{width:1em;height:1em}.elementor-widget-text-editor .elementor-drop-cap{float:left;text-align:center;line-height:1;font-size:50px}.elementor-widget-text-editor .elementor-drop-cap-letter{display:inline-block}<\/style>\t\t\t\t<p>El pasado 20 de marzo se llev\u00f3 a cabo el lanzamiento oficial de la <strong>XXV International Finance Conference (IFC)<\/strong>\u00a0que tendr\u00e1 por anfitriona a la Universidad de Cuenca, en Ecuador.<\/p><p><span style=\"font-size: 1rem;\">El acto estuvo marcado por la conferencia realizada por el <b>Dr. Ignacio Carballo<\/b>, referente indiscutido en el campo de la inclusi\u00f3n financiera y el desarrollo de ecosistemas Fintech en Am\u00e9rica Latina, la cual\u00a0<\/span><span style=\"font-size: 1rem;\">estuvo enfocada en la implementaci\u00f3n de soluciones digitales para la bancarizaci\u00f3n y la transformaci\u00f3n del sistema financiero en la regi\u00f3n.\u00a0<\/span><\/p><p><span style=\"font-size: 1rem;\">A continuaci\u00f3n compartimos el resumen de la presentaci\u00f3n usada por el Dr. Carballo.<\/span><\/p>\t\t\t\t\t\t<\/div>\n\t\t\t\t<\/div>\n\t\t\t\t<div class=\"elementor-element elementor-element-11b056a elementor-aspect-ratio-169 elementor-widget elementor-widget-video\" data-id=\"11b056a\" data-element_type=\"widget\" data-settings=\"{&quot;youtube_url&quot;:&quot;https:\\\/\\\/www.youtube.com\\\/watch?v=3f4st0kU1mQ&quot;,&quot;video_type&quot;:&quot;youtube&quot;,&quot;controls&quot;:&quot;yes&quot;,&quot;aspect_ratio&quot;:&quot;169&quot;}\" data-widget_type=\"video.default\">\n\t\t\t\t<div class=\"elementor-widget-container\">\n\t\t\t<style>\/*! elementor - v3.6.3 - 12-04-2022 *\/\n.elementor-widget-video .elementor-widget-container{overflow:hidden;-webkit-transform:translateZ(0);transform:translateZ(0)}.elementor-widget-video .elementor-open-inline .elementor-custom-embed-image-overlay{position:absolute;top:0;left:0;width:100%;height:100%;background-size:cover;background-position:50%}.elementor-widget-video .elementor-custom-embed-image-overlay{cursor:pointer;text-align:center}.elementor-widget-video .elementor-custom-embed-image-overlay:hover .elementor-custom-embed-play i{opacity:1}.elementor-widget-video .elementor-custom-embed-image-overlay img{display:block;width:100%}.elementor-widget-video .e-hosted-video .elementor-video{-o-object-fit:cover;object-fit:cover}<\/style>\t\t<div class=\"elementor-wrapper elementor-fit-aspect-ratio elementor-open-inline\">\n\t\t\t<div class=\"elementor-video\"><\/div>\t\t<\/div>\n\t\t\t\t<\/div>\n\t\t\t\t<\/div>\n\t\t\t\t\t<\/div>\n\t\t<\/div>\n\t\t\t\t\t\t\t<\/div>\n\t\t<\/section>\n\t\t\t\t\t\t\t<\/div>\n\t\t","protected":false},"excerpt":{"rendered":"<p>El pasado 20 de marzo se llev\u00f3 a cabo el lanzamiento oficial de la XXV International Finance Conference (IFC)\u00a0que tendr\u00e1 por anfitriona a la Universidad de Cuenca, en Ecuador. El acto estuvo marcado por la conferencia realizada por el Dr. Ignacio Carballo, referente indiscutido en el campo de la inclusi\u00f3n financiera y el desarrollo de &hellip; <\/p>\n<p class=\"link-more\"><a href=\"https:\/\/www.internationalfinanceconference.com\/ifc2025\/2025\/04\/21\/el-futuro-de-la-finanzas-digitales-tendencias-en-america-latina\/\" class=\"more-link\">Segu\u00ed leyendo<span class=\"screen-reader-text\"> &#8220;El futuro de la finanzas digitales: Tendencias en Am\u00e9rica Latina&#8221;<\/span><\/a><\/p>\n","protected":false},"author":5,"featured_media":1674,"comment_status":"open","ping_status":"open","sticky":false,"template":"elementor_header_footer","format":"standard","meta":[],"categories":[10,11],"tags":[],"_links":{"self":[{"href":"https:\/\/www.internationalfinanceconference.com\/ifc2025\/wp-json\/wp\/v2\/posts\/1666"}],"collection":[{"href":"https:\/\/www.internationalfinanceconference.com\/ifc2025\/wp-json\/wp\/v2\/posts"}],"about":[{"href":"https:\/\/www.internationalfinanceconference.com\/ifc2025\/wp-json\/wp\/v2\/types\/post"}],"author":[{"embeddable":true,"href":"https:\/\/www.internationalfinanceconference.com\/ifc2025\/wp-json\/wp\/v2\/users\/5"}],"replies":[{"embeddable":true,"href":"https:\/\/www.internationalfinanceconference.com\/ifc2025\/wp-json\/wp\/v2\/comments?post=1666"}],"version-history":[{"count":5,"href":"https:\/\/www.internationalfinanceconference.com\/ifc2025\/wp-json\/wp\/v2\/posts\/1666\/revisions"}],"predecessor-version":[{"id":1672,"href":"https:\/\/www.internationalfinanceconference.com\/ifc2025\/wp-json\/wp\/v2\/posts\/1666\/revisions\/1672"}],"wp:featuredmedia":[{"embeddable":true,"href":"https:\/\/www.internationalfinanceconference.com\/ifc2025\/wp-json\/wp\/v2\/media\/1674"}],"wp:attachment":[{"href":"https:\/\/www.internationalfinanceconference.com\/ifc2025\/wp-json\/wp\/v2\/media?parent=1666"}],"wp:term":[{"taxonomy":"category","embeddable":true,"href":"https:\/\/www.internationalfinanceconference.com\/ifc2025\/wp-json\/wp\/v2\/categories?post=1666"},{"taxonomy":"post_tag","embeddable":true,"href":"https:\/\/www.internationalfinanceconference.com\/ifc2025\/wp-json\/wp\/v2\/tags?post=1666"}],"curies":[{"name":"wp","href":"https:\/\/api.w.org\/{rel}","templated":true}]}}