{"id":960,"date":"2024-05-09T17:09:49","date_gmt":"2024-05-09T20:09:49","guid":{"rendered":"http:\/\/www.internationalfinanceconference.org\/ifc2024\/?p=960"},"modified":"2024-05-10T18:09:18","modified_gmt":"2024-05-10T21:09:18","slug":"explorando-el-futuro-de-las-finanzas-y-la-sostenibilidad-resumen-del-lanzamiento-del-ifc-2024-en-la-universidad-catolica","status":"publish","type":"post","link":"https:\/\/www.internationalfinanceconference.com\/ifc2024\/2024\/05\/09\/explorando-el-futuro-de-las-finanzas-y-la-sostenibilidad-resumen-del-lanzamiento-del-ifc-2024-en-la-universidad-catolica\/","title":{"rendered":"Explorando el Futuro de las Finanzas y la Sostenibilidad: Resumen del Lanzamiento del IFC 2024 en la Universidad Cat\u00f3lica"},"content":{"rendered":"\t\t<div data-elementor-type=\"wp-post\" data-elementor-id=\"960\" class=\"elementor elementor-960\">\n\t\t\t\t\t\t\t\t\t<section class=\"elementor-section elementor-top-section elementor-element elementor-element-811a16d elementor-section-boxed elementor-section-height-default elementor-section-height-default\" data-id=\"811a16d\" data-element_type=\"section\">\n\t\t\t\t\t\t<div class=\"elementor-container elementor-column-gap-default\">\n\t\t\t\t\t<div class=\"elementor-column elementor-col-100 elementor-top-column elementor-element elementor-element-8fc5c5f\" data-id=\"8fc5c5f\" data-element_type=\"column\">\n\t\t\t<div class=\"elementor-widget-wrap elementor-element-populated\">\n\t\t\t\t\t\t\t\t<div class=\"elementor-element elementor-element-769ae66 elementor-widget elementor-widget-theme-post-title elementor-page-title elementor-widget-heading\" data-id=\"769ae66\" data-element_type=\"widget\" data-widget_type=\"theme-post-title.default\">\n\t\t\t\t<div class=\"elementor-widget-container\">\n\t\t\t<style>\/*! elementor - v3.6.3 - 12-04-2022 *\/\n.elementor-heading-title{padding:0;margin:0;line-height:1}.elementor-widget-heading .elementor-heading-title[class*=elementor-size-]>a{color:inherit;font-size:inherit;line-height:inherit}.elementor-widget-heading .elementor-heading-title.elementor-size-small{font-size:15px}.elementor-widget-heading .elementor-heading-title.elementor-size-medium{font-size:19px}.elementor-widget-heading .elementor-heading-title.elementor-size-large{font-size:29px}.elementor-widget-heading .elementor-heading-title.elementor-size-xl{font-size:39px}.elementor-widget-heading .elementor-heading-title.elementor-size-xxl{font-size:59px}<\/style><h1 class=\"elementor-heading-title elementor-size-default\">Explorando el Futuro de las Finanzas y la Sostenibilidad: Resumen del Lanzamiento del IFC 2024 en la Universidad Cat\u00f3lica<\/h1>\t\t<\/div>\n\t\t\t\t<\/div>\n\t\t\t\t<div class=\"elementor-element elementor-element-82dbbaa elementor-widget elementor-widget-text-editor\" data-id=\"82dbbaa\" data-element_type=\"widget\" data-widget_type=\"text-editor.default\">\n\t\t\t\t<div class=\"elementor-widget-container\">\n\t\t\t<style>\/*! elementor - v3.6.3 - 12-04-2022 *\/\n.elementor-widget-text-editor.elementor-drop-cap-view-stacked .elementor-drop-cap{background-color:#818a91;color:#fff}.elementor-widget-text-editor.elementor-drop-cap-view-framed .elementor-drop-cap{color:#818a91;border:3px solid;background-color:transparent}.elementor-widget-text-editor:not(.elementor-drop-cap-view-default) .elementor-drop-cap{margin-top:8px}.elementor-widget-text-editor:not(.elementor-drop-cap-view-default) .elementor-drop-cap-letter{width:1em;height:1em}.elementor-widget-text-editor .elementor-drop-cap{float:left;text-align:center;line-height:1;font-size:50px}.elementor-widget-text-editor .elementor-drop-cap-letter{display:inline-block}<\/style>\t\t\t\t<p>El <b>lanzamiento del International Finance Conference (IFC) 2024<\/b> en la <b>Universidad Cat\u00f3lica<\/b> fue un evento que reuni\u00f3 a destacados l\u00edderes y expertos en el \u00e1mbito financiero y acad\u00e9mico para explorar los desaf\u00edos y oportunidades relacionados con el alfabetismo financiero y el desarrollo sostenible. Aqu\u00ed presentamos un resumen de los momentos m\u00e1s destacados del evento, que contaron con la participaci\u00f3n de Leticia Tolosa, Emerson Toledo y Ajay Adhikari.<\/p>\t\t\t\t\t\t<\/div>\n\t\t\t\t<\/div>\n\t\t\t\t\t<\/div>\n\t\t<\/div>\n\t\t\t\t\t\t\t<\/div>\n\t\t<\/section>\n\t\t\t\t<section class=\"elementor-section elementor-top-section elementor-element elementor-element-9522b61 elementor-section-boxed elementor-section-height-default elementor-section-height-default\" data-id=\"9522b61\" data-element_type=\"section\">\n\t\t\t\t\t\t<div class=\"elementor-container elementor-column-gap-default\">\n\t\t\t\t\t<div class=\"elementor-column elementor-col-100 elementor-top-column elementor-element elementor-element-407b638\" data-id=\"407b638\" data-element_type=\"column\">\n\t\t\t<div class=\"elementor-widget-wrap elementor-element-populated\">\n\t\t\t\t\t\t\t\t<section class=\"elementor-section elementor-inner-section elementor-element elementor-element-cf6587c elementor-section-boxed elementor-section-height-default elementor-section-height-default\" data-id=\"cf6587c\" data-element_type=\"section\" data-settings=\"{&quot;background_background&quot;:&quot;classic&quot;}\">\n\t\t\t\t\t\t<div class=\"elementor-container elementor-column-gap-default\">\n\t\t\t\t\t<div class=\"elementor-column elementor-col-100 elementor-inner-column elementor-element elementor-element-ab9d0a9\" data-id=\"ab9d0a9\" data-element_type=\"column\">\n\t\t\t<div class=\"elementor-widget-wrap elementor-element-populated\">\n\t\t\t\t\t\t\t\t<div class=\"elementor-element elementor-element-e0c322f elementor-widget elementor-widget-text-editor\" data-id=\"e0c322f\" data-element_type=\"widget\" data-widget_type=\"text-editor.default\">\n\t\t\t\t<div class=\"elementor-widget-container\">\n\t\t\t\t\t\t\tLeticia Tolosa<br>\nPresidenta del IFC\t\t\t\t\t\t<\/div>\n\t\t\t\t<\/div>\n\t\t\t\t<div class=\"elementor-element elementor-element-35d8f1d elementor-widget elementor-widget-text-editor\" data-id=\"35d8f1d\" data-element_type=\"widget\" data-widget_type=\"text-editor.default\">\n\t\t\t\t<div class=\"elementor-widget-container\">\n\t\t\t\t\t\t\tLeticia Tolosa comparti\u00f3 su entusiasmo y gratitud por la oportunidad de celebrar esta edici\u00f3n especial de la conferencia. Resalt\u00f3 el papel fundamental de los colaboradores del crecimiento institucional del IFC en diversos pa\u00edses desde sus inicios en 2001. Tolosa enfatiz\u00f3 la importancia del alfabetismo financiero en un mundo cada vez m\u00e1s interconectado y consciente de la sostenibilidad. As\u00ed mismo expres\u00f3 su agradecimiento a todos los participantes y anfitriones por su compromiso con el \u00e9xito de la conferencia.\t\t\t\t\t\t<\/div>\n\t\t\t\t<\/div>\n\t\t\t\t\t<\/div>\n\t\t<\/div>\n\t\t\t\t\t\t\t<\/div>\n\t\t<\/section>\n\t\t\t\t\t<\/div>\n\t\t<\/div>\n\t\t\t\t\t\t\t<\/div>\n\t\t<\/section>\n\t\t\t\t<section class=\"elementor-section elementor-top-section elementor-element elementor-element-853e9d3 elementor-section-boxed elementor-section-height-default elementor-section-height-default\" data-id=\"853e9d3\" data-element_type=\"section\">\n\t\t\t\t\t\t<div class=\"elementor-container elementor-column-gap-default\">\n\t\t\t\t\t<div class=\"elementor-column elementor-col-100 elementor-top-column elementor-element elementor-element-6175c6a\" data-id=\"6175c6a\" data-element_type=\"column\">\n\t\t\t<div class=\"elementor-widget-wrap elementor-element-populated\">\n\t\t\t\t\t\t\t\t<section class=\"elementor-section elementor-inner-section elementor-element elementor-element-714c212 elementor-section-boxed elementor-section-height-default elementor-section-height-default\" data-id=\"714c212\" data-element_type=\"section\" data-settings=\"{&quot;background_background&quot;:&quot;classic&quot;}\">\n\t\t\t\t\t\t<div class=\"elementor-container elementor-column-gap-default\">\n\t\t\t\t\t<div class=\"elementor-column elementor-col-100 elementor-inner-column elementor-element elementor-element-b810275\" data-id=\"b810275\" data-element_type=\"column\">\n\t\t\t<div class=\"elementor-widget-wrap elementor-element-populated\">\n\t\t\t\t\t\t\t\t<div class=\"elementor-element elementor-element-316f96c elementor-widget elementor-widget-text-editor\" data-id=\"316f96c\" data-element_type=\"widget\" data-widget_type=\"text-editor.default\">\n\t\t\t\t<div class=\"elementor-widget-container\">\n\t\t\t\t\t\t\tEmerson Toledo<br>\nDecano de la Facultad de Ciencias Contables PUCP\t\t\t\t\t\t<\/div>\n\t\t\t\t<\/div>\n\t\t\t\t<div class=\"elementor-element elementor-element-bd24ae2 elementor-widget elementor-widget-text-editor\" data-id=\"bd24ae2\" data-element_type=\"widget\" data-widget_type=\"text-editor.default\">\n\t\t\t\t<div class=\"elementor-widget-container\">\n\t\t\t\t\t\t\tEmerson Toledo destac\u00f3 el honor de ser anfitriones de un evento tan relevante para el di\u00e1logo global sobre finanzas y sostenibilidad. Subray\u00f3 c\u00f3mo el enfoque en el alfabetismo financiero puede ser una herramienta crucial para fomentar pr\u00e1cticas sostenibles y equitativas en todo el mundo. Toledo alent\u00f3 a todos los participantes a aprovechar esta oportunidad para explorar nuevas innovaciones y estrategias que definir\u00e1n el futuro de las finanzas en un mundo m\u00e1s sostenible.\t\t\t\t\t\t<\/div>\n\t\t\t\t<\/div>\n\t\t\t\t\t<\/div>\n\t\t<\/div>\n\t\t\t\t\t\t\t<\/div>\n\t\t<\/section>\n\t\t\t\t\t<\/div>\n\t\t<\/div>\n\t\t\t\t\t\t\t<\/div>\n\t\t<\/section>\n\t\t\t\t<section class=\"elementor-section elementor-top-section elementor-element elementor-element-c21f04a elementor-section-boxed elementor-section-height-default elementor-section-height-default\" data-id=\"c21f04a\" data-element_type=\"section\">\n\t\t\t\t\t\t<div class=\"elementor-container elementor-column-gap-default\">\n\t\t\t\t\t<div class=\"elementor-column elementor-col-100 elementor-top-column elementor-element elementor-element-0e98c1e\" data-id=\"0e98c1e\" data-element_type=\"column\">\n\t\t\t<div class=\"elementor-widget-wrap elementor-element-populated\">\n\t\t\t\t\t\t\t\t<section class=\"elementor-section elementor-inner-section elementor-element elementor-element-c838fa0 elementor-section-boxed elementor-section-height-default elementor-section-height-default\" data-id=\"c838fa0\" data-element_type=\"section\" data-settings=\"{&quot;background_background&quot;:&quot;classic&quot;}\">\n\t\t\t\t\t\t<div class=\"elementor-container elementor-column-gap-default\">\n\t\t\t\t\t<div class=\"elementor-column elementor-col-100 elementor-inner-column elementor-element elementor-element-0da7879\" data-id=\"0da7879\" data-element_type=\"column\">\n\t\t\t<div class=\"elementor-widget-wrap elementor-element-populated\">\n\t\t\t\t\t\t\t\t<div class=\"elementor-element elementor-element-da8eb55 elementor-widget elementor-widget-text-editor\" data-id=\"da8eb55\" data-element_type=\"widget\" data-widget_type=\"text-editor.default\">\n\t\t\t\t<div class=\"elementor-widget-container\">\n\t\t\t\t\t\t\tAjay Adhikari<br>\nProfesor de Kogod School of Business, American University\t\t\t\t\t\t<\/div>\n\t\t\t\t<\/div>\n\t\t\t\t<div class=\"elementor-element elementor-element-fb484fb elementor-widget elementor-widget-text-editor\" data-id=\"fb484fb\" data-element_type=\"widget\" data-widget_type=\"text-editor.default\">\n\t\t\t\t<div class=\"elementor-widget-container\">\n\t\t\t\t\t\t\tAjay Adhikari expuso el tema &#8220;Desarrollos en Informes de Sostenibilidad&#8221; y comparti\u00f3 su experiencia en este campo. Destac\u00f3 c\u00f3mo los informes de sostenibilidad est\u00e1n evolucionando r\u00e1pidamente y ejerciendo presiones significativas en empresas de todo el mundo. Proporcion\u00f3 una visi\u00f3n de los desaf\u00edos y oportunidades en este espacio, incluida una discusi\u00f3n sobre la reciente normativa de la SEC en Estados Unidos. Adhikari alent\u00f3 a la audiencia a participar de la conferencia en Lima.\t\t\t\t\t\t<\/div>\n\t\t\t\t<\/div>\n\t\t\t\t\t<\/div>\n\t\t<\/div>\n\t\t\t\t\t\t\t<\/div>\n\t\t<\/section>\n\t\t\t\t\t<\/div>\n\t\t<\/div>\n\t\t\t\t\t\t\t<\/div>\n\t\t<\/section>\n\t\t\t\t<section class=\"elementor-section elementor-top-section elementor-element elementor-element-e1e175a elementor-section-boxed elementor-section-height-default elementor-section-height-default\" data-id=\"e1e175a\" data-element_type=\"section\">\n\t\t\t\t\t\t<div class=\"elementor-container elementor-column-gap-default\">\n\t\t\t\t\t<div class=\"elementor-column elementor-col-100 elementor-top-column elementor-element elementor-element-8bc87c2\" data-id=\"8bc87c2\" data-element_type=\"column\">\n\t\t\t<div class=\"elementor-widget-wrap elementor-element-populated\">\n\t\t\t\t\t\t\t\t<div class=\"elementor-element elementor-element-fe3669b elementor-widget elementor-widget-text-editor\" data-id=\"fe3669b\" data-element_type=\"widget\" data-widget_type=\"text-editor.default\">\n\t\t\t\t<div class=\"elementor-widget-container\">\n\t\t\t\t\t\t\t<p>Esta ponencia fue realizada en el marco por el lanzamiento del <b>XXIV IFC 2024<\/b> que se desarrollar\u00e1 el <b>2, 3, y 4 de octubre en la Pontificia Universidad Cat\u00f3lica del Per\u00fa<\/b> y busca ser un espacio para impulsar el di\u00e1logo y la colaboraci\u00f3n en torno a temas clave de finanzas y sostenibilidad. Esperamos con entusiasmo las discusiones y avances que surgir\u00e1n durante el transcurso de la conferencia en octubre.<\/p>\t\t\t\t\t\t<\/div>\n\t\t\t\t<\/div>\n\t\t\t\t\t<\/div>\n\t\t<\/div>\n\t\t\t\t\t\t\t<\/div>\n\t\t<\/section>\n\t\t\t\t<section class=\"elementor-section elementor-top-section elementor-element elementor-element-2c5219f elementor-section-boxed elementor-section-height-default elementor-section-height-default\" data-id=\"2c5219f\" data-element_type=\"section\">\n\t\t\t\t\t\t<div class=\"elementor-container elementor-column-gap-default\">\n\t\t\t\t\t<div class=\"elementor-column elementor-col-100 elementor-top-column elementor-element elementor-element-13a29e0\" data-id=\"13a29e0\" data-element_type=\"column\">\n\t\t\t<div class=\"elementor-widget-wrap elementor-element-populated\">\n\t\t\t\t\t\t\t\t<div class=\"elementor-element elementor-element-b77e01e elementor-align-center elementor-widget elementor-widget-button\" data-id=\"b77e01e\" data-element_type=\"widget\" data-widget_type=\"button.default\">\n\t\t\t\t<div class=\"elementor-widget-container\">\n\t\t\t\t\t<div class=\"elementor-button-wrapper\">\n\t\t\t<a href=\"https:\/\/www.internationalfinanceconference.com\/ifc2024\/call-for-papers\/\" class=\"elementor-button-link elementor-button elementor-size-sm\" role=\"button\">\n\t\t\t\t\t\t<span class=\"elementor-button-content-wrapper\">\n\t\t\t\t\t\t<span class=\"elementor-button-text\">CALL FOR PAPERS IFC 2024<\/span>\n\t\t<\/span>\n\t\t\t\t\t<\/a>\n\t\t<\/div>\n\t\t\t\t<\/div>\n\t\t\t\t<\/div>\n\t\t\t\t\t<\/div>\n\t\t<\/div>\n\t\t\t\t\t\t\t<\/div>\n\t\t<\/section>\n\t\t\t\t\t\t\t<\/div>\n\t\t","protected":false},"excerpt":{"rendered":"<p>El lanzamiento del International Finance Conference (IFC) 2024 en la Universidad Cat\u00f3lica fue un evento que reuni\u00f3 a destacados l\u00edderes y expertos en el \u00e1mbito financiero y acad\u00e9mico para explorar los desaf\u00edos y oportunidades relacionados con el alfabetismo financiero y el desarrollo sostenible. Aqu\u00ed presentamos un resumen de los momentos m\u00e1s destacados del evento, que &hellip; <\/p>\n<p class=\"link-more\"><a href=\"https:\/\/www.internationalfinanceconference.com\/ifc2024\/2024\/05\/09\/explorando-el-futuro-de-las-finanzas-y-la-sostenibilidad-resumen-del-lanzamiento-del-ifc-2024-en-la-universidad-catolica\/\" class=\"more-link\">Segu\u00ed leyendo<span class=\"screen-reader-text\"> &#8220;Explorando el Futuro de las Finanzas y la Sostenibilidad: Resumen del Lanzamiento del IFC 2024 en la Universidad Cat\u00f3lica&#8221;<\/span><\/a><\/p>\n","protected":false},"author":5,"featured_media":0,"comment_status":"open","ping_status":"open","sticky":false,"template":"elementor_header_footer","format":"standard","meta":[],"categories":[1],"tags":[],"_links":{"self":[{"href":"https:\/\/www.internationalfinanceconference.com\/ifc2024\/wp-json\/wp\/v2\/posts\/960"}],"collection":[{"href":"https:\/\/www.internationalfinanceconference.com\/ifc2024\/wp-json\/wp\/v2\/posts"}],"about":[{"href":"https:\/\/www.internationalfinanceconference.com\/ifc2024\/wp-json\/wp\/v2\/types\/post"}],"author":[{"embeddable":true,"href":"https:\/\/www.internationalfinanceconference.com\/ifc2024\/wp-json\/wp\/v2\/users\/5"}],"replies":[{"embeddable":true,"href":"https:\/\/www.internationalfinanceconference.com\/ifc2024\/wp-json\/wp\/v2\/comments?post=960"}],"version-history":[{"count":23,"href":"https:\/\/www.internationalfinanceconference.com\/ifc2024\/wp-json\/wp\/v2\/posts\/960\/revisions"}],"predecessor-version":[{"id":991,"href":"https:\/\/www.internationalfinanceconference.com\/ifc2024\/wp-json\/wp\/v2\/posts\/960\/revisions\/991"}],"wp:attachment":[{"href":"https:\/\/www.internationalfinanceconference.com\/ifc2024\/wp-json\/wp\/v2\/media?parent=960"}],"wp:term":[{"taxonomy":"category","embeddable":true,"href":"https:\/\/www.internationalfinanceconference.com\/ifc2024\/wp-json\/wp\/v2\/categories?post=960"},{"taxonomy":"post_tag","embeddable":true,"href":"https:\/\/www.internationalfinanceconference.com\/ifc2024\/wp-json\/wp\/v2\/tags?post=960"}],"curies":[{"name":"wp","href":"https:\/\/api.w.org\/{rel}","templated":true}]}}