{"id":1326,"date":"2024-08-09T09:53:55","date_gmt":"2024-08-09T12:53:55","guid":{"rendered":"http:\/\/www.internationalfinanceconference.org\/ifc2024\/?p=1326"},"modified":"2024-08-09T10:44:14","modified_gmt":"2024-08-09T13:44:14","slug":"estos-son-los-speakers-y-panelistas-de-la-xxiv-ifc","status":"publish","type":"post","link":"https:\/\/www.internationalfinanceconference.com\/ifc2024\/2024\/08\/09\/estos-son-los-speakers-y-panelistas-de-la-xxiv-ifc\/","title":{"rendered":"Estos son los speakers y panelistas de la XXIV IFC"},"content":{"rendered":"\t\t<div data-elementor-type=\"wp-post\" data-elementor-id=\"1326\" class=\"elementor elementor-1326\">\n\t\t\t\t\t\t\t\t\t<section class=\"elementor-section elementor-top-section elementor-element elementor-element-8eda08d elementor-section-boxed elementor-section-height-default elementor-section-height-default\" data-id=\"8eda08d\" data-element_type=\"section\">\n\t\t\t\t\t\t<div class=\"elementor-container elementor-column-gap-default\">\n\t\t\t\t\t<div class=\"elementor-column elementor-col-100 elementor-top-column elementor-element elementor-element-5cba9c1\" data-id=\"5cba9c1\" data-element_type=\"column\">\n\t\t\t<div class=\"elementor-widget-wrap elementor-element-populated\">\n\t\t\t\t\t\t\t\t<div class=\"elementor-element elementor-element-9b7ecc9 elementor-widget elementor-widget-theme-post-title elementor-page-title elementor-widget-heading\" data-id=\"9b7ecc9\" data-element_type=\"widget\" data-widget_type=\"theme-post-title.default\">\n\t\t\t\t<div class=\"elementor-widget-container\">\n\t\t\t<style>\/*! elementor - v3.6.3 - 12-04-2022 *\/\n.elementor-heading-title{padding:0;margin:0;line-height:1}.elementor-widget-heading .elementor-heading-title[class*=elementor-size-]>a{color:inherit;font-size:inherit;line-height:inherit}.elementor-widget-heading .elementor-heading-title.elementor-size-small{font-size:15px}.elementor-widget-heading .elementor-heading-title.elementor-size-medium{font-size:19px}.elementor-widget-heading .elementor-heading-title.elementor-size-large{font-size:29px}.elementor-widget-heading .elementor-heading-title.elementor-size-xl{font-size:39px}.elementor-widget-heading .elementor-heading-title.elementor-size-xxl{font-size:59px}<\/style><h1 class=\"elementor-heading-title elementor-size-default\">Estos son los speakers y panelistas de la XXIV IFC<\/h1>\t\t<\/div>\n\t\t\t\t<\/div>\n\t\t\t\t<div class=\"elementor-element elementor-element-4ad5331 elementor-widget elementor-widget-text-editor\" data-id=\"4ad5331\" data-element_type=\"widget\" data-widget_type=\"text-editor.default\">\n\t\t\t\t<div class=\"elementor-widget-container\">\n\t\t\t<style>\/*! elementor - v3.6.3 - 12-04-2022 *\/\n.elementor-widget-text-editor.elementor-drop-cap-view-stacked .elementor-drop-cap{background-color:#818a91;color:#fff}.elementor-widget-text-editor.elementor-drop-cap-view-framed .elementor-drop-cap{color:#818a91;border:3px solid;background-color:transparent}.elementor-widget-text-editor:not(.elementor-drop-cap-view-default) .elementor-drop-cap{margin-top:8px}.elementor-widget-text-editor:not(.elementor-drop-cap-view-default) .elementor-drop-cap-letter{width:1em;height:1em}.elementor-widget-text-editor .elementor-drop-cap{float:left;text-align:center;line-height:1;font-size:50px}.elementor-widget-text-editor .elementor-drop-cap-letter{display:inline-block}<\/style>\t\t\t\t<p>Ya est\u00e1 listo el grupo de main spekaers y panelistas que estar\u00e1n presentes en la <strong>XXIV International Finance Conference<\/strong>, que se llevar\u00e1 a cabo en Lima del 2 al 4 de octubre de 2024.<\/p><p>Ellos son:<\/p><p><b>Manuel Arias<\/b> (Colombia, International Federation of Accountants \u2013 IFAC), <b>Borja Fern\u00e1ndez-Rosillo San Isidro<\/b> (Espa\u00f1a, Asociaci\u00f3n Espa\u00f1ola de Administraci\u00f3n y Contabilidad &#8211; AECA), <b>Ajay Adhikari<\/b> (EEUU, Kogod School of Business), <b>Vivian Cruz Casta\u00f1eda<\/b> (Colombia, Universidad EAFIT), <b>Pilar Beatriz \u00c1lvarez Franco<\/b> (Colombia, Universidad EAFIT), <b>Cecilia Arias Le\u00f3n<\/b> (Per\u00fa, Banco de la Naci\u00f3n del Per\u00fa), <b>Javier Ichazo Bardales<\/b> (Per\u00fa, Mibanco), <b>Juan Carlos Chong<\/b> (Per\u00fa, Superintendencia de Banca, Seguros y AFP) y <b>Adolfo Rubatto Novak<\/b> (Per\u00fa, IBM).<\/p><p>Si quieres conocer m\u00e1s sobre ellos y su trayectoria profesional, visita la secci\u00f3n speakers de nuestra web.<\/p>\t\t\t\t\t\t<\/div>\n\t\t\t\t<\/div>\n\t\t\t\t\t<\/div>\n\t\t<\/div>\n\t\t\t\t\t\t\t<\/div>\n\t\t<\/section>\n\t\t\t\t<section class=\"elementor-section elementor-top-section elementor-element elementor-element-f1493e7 elementor-section-boxed elementor-section-height-default elementor-section-height-default\" data-id=\"f1493e7\" data-element_type=\"section\">\n\t\t\t\t\t\t<div class=\"elementor-container elementor-column-gap-default\">\n\t\t\t\t\t<div class=\"elementor-column elementor-col-100 elementor-top-column elementor-element elementor-element-079c7da\" data-id=\"079c7da\" data-element_type=\"column\">\n\t\t\t<div class=\"elementor-widget-wrap elementor-element-populated\">\n\t\t\t\t\t\t\t\t<div class=\"elementor-element elementor-element-e610a4d elementor-align-center elementor-widget elementor-widget-button\" data-id=\"e610a4d\" data-element_type=\"widget\" data-widget_type=\"button.default\">\n\t\t\t\t<div class=\"elementor-widget-container\">\n\t\t\t\t\t<div class=\"elementor-button-wrapper\">\n\t\t\t<a href=\"https:\/\/www.internationalfinanceconference.com\/ifc2024\/speakers\/\" class=\"elementor-button-link elementor-button elementor-size-sm\" role=\"button\">\n\t\t\t\t\t\t<span class=\"elementor-button-content-wrapper\">\n\t\t\t\t\t\t<span class=\"elementor-button-text\">VER SPEAKERS IFC 2024<\/span>\n\t\t<\/span>\n\t\t\t\t\t<\/a>\n\t\t<\/div>\n\t\t\t\t<\/div>\n\t\t\t\t<\/div>\n\t\t\t\t\t<\/div>\n\t\t<\/div>\n\t\t\t\t\t\t\t<\/div>\n\t\t<\/section>\n\t\t\t\t<section class=\"elementor-section elementor-top-section elementor-element elementor-element-33cceba elementor-section-boxed elementor-section-height-default elementor-section-height-default\" data-id=\"33cceba\" data-element_type=\"section\">\n\t\t\t\t\t\t<div class=\"elementor-container elementor-column-gap-default\">\n\t\t\t\t\t<div class=\"elementor-column elementor-col-100 elementor-top-column elementor-element elementor-element-2f7097f\" data-id=\"2f7097f\" data-element_type=\"column\">\n\t\t\t<div class=\"elementor-widget-wrap elementor-element-populated\">\n\t\t\t\t\t\t\t\t<div class=\"elementor-element elementor-element-d80089e elementor-widget elementor-widget-image\" data-id=\"d80089e\" data-element_type=\"widget\" data-widget_type=\"image.default\">\n\t\t\t\t<div class=\"elementor-widget-container\">\n\t\t\t<style>\/*! elementor - v3.6.3 - 12-04-2022 *\/\n.elementor-widget-image{text-align:center}.elementor-widget-image a{display:inline-block}.elementor-widget-image a img[src$=\".svg\"]{width:48px}.elementor-widget-image img{vertical-align:middle;display:inline-block}<\/style>\t\t\t\t\t\t\t\t\t\t\t\t<img width=\"1280\" height=\"720\" src=\"https:\/\/www.internationalfinanceconference.com\/ifc2024\/wp-content\/uploads\/13\/2024\/08\/nota-panelistas.jpg\" class=\"attachment-full size-full\" alt=\"\" srcset=\"https:\/\/www.internationalfinanceconference.com\/ifc2024\/wp-content\/uploads\/13\/2024\/08\/nota-panelistas-300x169.jpg 300w, https:\/\/www.internationalfinanceconference.com\/ifc2024\/wp-content\/uploads\/13\/2024\/08\/nota-panelistas-768x432.jpg 768w, https:\/\/www.internationalfinanceconference.com\/ifc2024\/wp-content\/uploads\/13\/2024\/08\/nota-panelistas-1024x576.jpg 1024w, https:\/\/www.internationalfinanceconference.com\/ifc2024\/wp-content\/uploads\/13\/2024\/08\/nota-panelistas.jpg 1280w\" sizes=\"100vw\" \/>\t\t\t\t\t\t\t\t\t\t\t\t\t\t\t<\/div>\n\t\t\t\t<\/div>\n\t\t\t\t\t<\/div>\n\t\t<\/div>\n\t\t\t\t\t\t\t<\/div>\n\t\t<\/section>\n\t\t\t\t\t\t\t<\/div>\n\t\t","protected":false},"excerpt":{"rendered":"<p>Ya est\u00e1 listo el grupo de main spekaers y panelistas que estar\u00e1n presentes en la XXIV International Finance Conference, que se llevar\u00e1 a cabo en Lima del 2 al 4 de octubre de 2024. Ellos son: Manuel Arias (Colombia, International Federation of Accountants \u2013 IFAC), Borja Fern\u00e1ndez-Rosillo San Isidro (Espa\u00f1a, Asociaci\u00f3n Espa\u00f1ola de Administraci\u00f3n y &hellip; <\/p>\n<p class=\"link-more\"><a href=\"https:\/\/www.internationalfinanceconference.com\/ifc2024\/2024\/08\/09\/estos-son-los-speakers-y-panelistas-de-la-xxiv-ifc\/\" class=\"more-link\">Segu\u00ed leyendo<span class=\"screen-reader-text\"> &#8220;Estos son los speakers y panelistas de la XXIV IFC&#8221;<\/span><\/a><\/p>\n","protected":false},"author":5,"featured_media":0,"comment_status":"open","ping_status":"open","sticky":false,"template":"elementor_header_footer","format":"standard","meta":[],"categories":[5],"tags":[],"_links":{"self":[{"href":"https:\/\/www.internationalfinanceconference.com\/ifc2024\/wp-json\/wp\/v2\/posts\/1326"}],"collection":[{"href":"https:\/\/www.internationalfinanceconference.com\/ifc2024\/wp-json\/wp\/v2\/posts"}],"about":[{"href":"https:\/\/www.internationalfinanceconference.com\/ifc2024\/wp-json\/wp\/v2\/types\/post"}],"author":[{"embeddable":true,"href":"https:\/\/www.internationalfinanceconference.com\/ifc2024\/wp-json\/wp\/v2\/users\/5"}],"replies":[{"embeddable":true,"href":"https:\/\/www.internationalfinanceconference.com\/ifc2024\/wp-json\/wp\/v2\/comments?post=1326"}],"version-history":[{"count":7,"href":"https:\/\/www.internationalfinanceconference.com\/ifc2024\/wp-json\/wp\/v2\/posts\/1326\/revisions"}],"predecessor-version":[{"id":1335,"href":"https:\/\/www.internationalfinanceconference.com\/ifc2024\/wp-json\/wp\/v2\/posts\/1326\/revisions\/1335"}],"wp:attachment":[{"href":"https:\/\/www.internationalfinanceconference.com\/ifc2024\/wp-json\/wp\/v2\/media?parent=1326"}],"wp:term":[{"taxonomy":"category","embeddable":true,"href":"https:\/\/www.internationalfinanceconference.com\/ifc2024\/wp-json\/wp\/v2\/categories?post=1326"},{"taxonomy":"post_tag","embeddable":true,"href":"https:\/\/www.internationalfinanceconference.com\/ifc2024\/wp-json\/wp\/v2\/tags?post=1326"}],"curies":[{"name":"wp","href":"https:\/\/api.w.org\/{rel}","templated":true}]}}