{"id":527,"date":"2023-07-13T20:10:07","date_gmt":"2023-07-13T23:10:07","guid":{"rendered":"http:\/\/www.internationalfinanceconference.org\/ifc2023\/?p=527"},"modified":"2023-07-13T20:26:43","modified_gmt":"2023-07-13T23:26:43","slug":"main-speakers","status":"publish","type":"post","link":"https:\/\/www.internationalfinanceconference.com\/ifc2023\/2023\/07\/13\/main-speakers\/","title":{"rendered":"Conoce a nuestros speakers principales"},"content":{"rendered":"\t\t<div data-elementor-type=\"wp-post\" data-elementor-id=\"527\" class=\"elementor elementor-527\">\n\t\t\t\t\t\t\t\t\t<section class=\"elementor-section elementor-top-section elementor-element elementor-element-5b3c234 elementor-section-boxed elementor-section-height-default elementor-section-height-default\" data-id=\"5b3c234\" data-element_type=\"section\">\n\t\t\t\t\t\t<div class=\"elementor-container elementor-column-gap-default\">\n\t\t\t\t\t<div class=\"elementor-column elementor-col-100 elementor-top-column elementor-element elementor-element-4c4344d\" data-id=\"4c4344d\" data-element_type=\"column\">\n\t\t\t<div class=\"elementor-widget-wrap elementor-element-populated\">\n\t\t\t\t\t\t\t\t<div class=\"elementor-element elementor-element-6ff3eaa elementor-widget elementor-widget-theme-post-title elementor-page-title elementor-widget-heading\" data-id=\"6ff3eaa\" data-element_type=\"widget\" data-widget_type=\"theme-post-title.default\">\n\t\t\t\t<div class=\"elementor-widget-container\">\n\t\t\t<style>\/*! elementor - v3.6.3 - 12-04-2022 *\/\n.elementor-heading-title{padding:0;margin:0;line-height:1}.elementor-widget-heading .elementor-heading-title[class*=elementor-size-]>a{color:inherit;font-size:inherit;line-height:inherit}.elementor-widget-heading .elementor-heading-title.elementor-size-small{font-size:15px}.elementor-widget-heading .elementor-heading-title.elementor-size-medium{font-size:19px}.elementor-widget-heading .elementor-heading-title.elementor-size-large{font-size:29px}.elementor-widget-heading .elementor-heading-title.elementor-size-xl{font-size:39px}.elementor-widget-heading .elementor-heading-title.elementor-size-xxl{font-size:59px}<\/style><h1 class=\"elementor-heading-title elementor-size-default\">Conoce a nuestros speakers principales<\/h1>\t\t<\/div>\n\t\t\t\t<\/div>\n\t\t\t\t<div class=\"elementor-element elementor-element-13613d1 elementor-widget elementor-widget-text-editor\" data-id=\"13613d1\" data-element_type=\"widget\" data-widget_type=\"text-editor.default\">\n\t\t\t\t<div class=\"elementor-widget-container\">\n\t\t\t<style>\/*! elementor - v3.6.3 - 12-04-2022 *\/\n.elementor-widget-text-editor.elementor-drop-cap-view-stacked .elementor-drop-cap{background-color:#818a91;color:#fff}.elementor-widget-text-editor.elementor-drop-cap-view-framed .elementor-drop-cap{color:#818a91;border:3px solid;background-color:transparent}.elementor-widget-text-editor:not(.elementor-drop-cap-view-default) .elementor-drop-cap{margin-top:8px}.elementor-widget-text-editor:not(.elementor-drop-cap-view-default) .elementor-drop-cap-letter{width:1em;height:1em}.elementor-widget-text-editor .elementor-drop-cap{float:left;text-align:center;line-height:1;font-size:50px}.elementor-widget-text-editor .elementor-drop-cap-letter{display:inline-block}<\/style>\t\t\t\t<p>Ya tenemos confirmado el line up de los speakers principales del <b>XXIII International Finance Conference 2023: Conectando finanzas y personas, el poder de humanizar los datos<\/b>.<\/p>\t\t\t\t\t\t<\/div>\n\t\t\t\t<\/div>\n\t\t\t\t\t<\/div>\n\t\t<\/div>\n\t\t\t\t\t\t\t<\/div>\n\t\t<\/section>\n\t\t\t\t<section class=\"elementor-section elementor-top-section elementor-element elementor-element-fe00e61 elementor-section-boxed elementor-section-height-default elementor-section-height-default\" data-id=\"fe00e61\" data-element_type=\"section\">\n\t\t\t\t\t\t<div class=\"elementor-container elementor-column-gap-wide\">\n\t\t\t\t\t<div class=\"elementor-column elementor-col-33 elementor-top-column elementor-element elementor-element-ca06bc7\" data-id=\"ca06bc7\" data-element_type=\"column\">\n\t\t\t<div class=\"elementor-widget-wrap elementor-element-populated\">\n\t\t\t\t\t\t\t\t<div class=\"elementor-element elementor-element-20cb343 elementor-widget elementor-widget-image\" data-id=\"20cb343\" data-element_type=\"widget\" data-widget_type=\"image.default\">\n\t\t\t\t<div class=\"elementor-widget-container\">\n\t\t\t<style>\/*! elementor - v3.6.3 - 12-04-2022 *\/\n.elementor-widget-image{text-align:center}.elementor-widget-image a{display:inline-block}.elementor-widget-image a img[src$=\".svg\"]{width:48px}.elementor-widget-image img{vertical-align:middle;display:inline-block}<\/style>\t\t\t\t\t\t\t\t\t\t\t\t<img width=\"400\" height=\"400\" src=\"https:\/\/www.internationalfinanceconference.com\/ifc2023\/wp-content\/uploads\/12\/2023\/07\/ifc-2023-speaker-venegas.jpg\" class=\"attachment-large size-large\" alt=\"\" srcset=\"https:\/\/www.internationalfinanceconference.com\/ifc2023\/wp-content\/uploads\/12\/2023\/07\/ifc-2023-speaker-venegas-100x100.jpg 100w, https:\/\/www.internationalfinanceconference.com\/ifc2023\/wp-content\/uploads\/12\/2023\/07\/ifc-2023-speaker-venegas-150x150.jpg 150w, https:\/\/www.internationalfinanceconference.com\/ifc2023\/wp-content\/uploads\/12\/2023\/07\/ifc-2023-speaker-venegas-300x300.jpg 300w, https:\/\/www.internationalfinanceconference.com\/ifc2023\/wp-content\/uploads\/12\/2023\/07\/ifc-2023-speaker-venegas.jpg 400w\" sizes=\"100vw\" \/>\t\t\t\t\t\t\t\t\t\t\t\t\t\t\t<\/div>\n\t\t\t\t<\/div>\n\t\t\t\t<div class=\"elementor-element elementor-element-6ae786a elementor-widget elementor-widget-heading\" data-id=\"6ae786a\" data-element_type=\"widget\" data-widget_type=\"heading.default\">\n\t\t\t\t<div class=\"elementor-widget-container\">\n\t\t\t<h2 class=\"elementor-heading-title elementor-size-default\">Dr. Francisco Venegas Mart\u00ednez<\/h2>\t\t<\/div>\n\t\t\t\t<\/div>\n\t\t\t\t\t<\/div>\n\t\t<\/div>\n\t\t\t\t<div class=\"elementor-column elementor-col-33 elementor-top-column elementor-element elementor-element-a51de72\" data-id=\"a51de72\" data-element_type=\"column\">\n\t\t\t<div class=\"elementor-widget-wrap elementor-element-populated\">\n\t\t\t\t\t\t\t\t<div class=\"elementor-element elementor-element-83a6ad7 elementor-widget elementor-widget-image\" data-id=\"83a6ad7\" data-element_type=\"widget\" data-widget_type=\"image.default\">\n\t\t\t\t<div class=\"elementor-widget-container\">\n\t\t\t\t\t\t\t\t\t\t\t\t\t\t\t<img width=\"400\" height=\"400\" src=\"https:\/\/www.internationalfinanceconference.com\/ifc2023\/wp-content\/uploads\/12\/2023\/07\/ifc-2023-speaker-zamacona2.jpg\" class=\"attachment-large size-large\" alt=\"\" srcset=\"https:\/\/www.internationalfinanceconference.com\/ifc2023\/wp-content\/uploads\/12\/2023\/07\/ifc-2023-speaker-zamacona2-100x100.jpg 100w, https:\/\/www.internationalfinanceconference.com\/ifc2023\/wp-content\/uploads\/12\/2023\/07\/ifc-2023-speaker-zamacona2-150x150.jpg 150w, https:\/\/www.internationalfinanceconference.com\/ifc2023\/wp-content\/uploads\/12\/2023\/07\/ifc-2023-speaker-zamacona2-300x300.jpg 300w, https:\/\/www.internationalfinanceconference.com\/ifc2023\/wp-content\/uploads\/12\/2023\/07\/ifc-2023-speaker-zamacona2.jpg 400w\" sizes=\"100vw\" \/>\t\t\t\t\t\t\t\t\t\t\t\t\t\t\t<\/div>\n\t\t\t\t<\/div>\n\t\t\t\t<div class=\"elementor-element elementor-element-f8ae83d elementor-widget elementor-widget-heading\" data-id=\"f8ae83d\" data-element_type=\"widget\" data-widget_type=\"heading.default\">\n\t\t\t\t<div class=\"elementor-widget-container\">\n\t\t\t<h2 class=\"elementor-heading-title elementor-size-default\">Liliana Zamacona<\/h2>\t\t<\/div>\n\t\t\t\t<\/div>\n\t\t\t\t\t<\/div>\n\t\t<\/div>\n\t\t\t\t<div class=\"elementor-column elementor-col-33 elementor-top-column elementor-element elementor-element-323f72b\" data-id=\"323f72b\" data-element_type=\"column\">\n\t\t\t<div class=\"elementor-widget-wrap elementor-element-populated\">\n\t\t\t\t\t\t\t\t<div class=\"elementor-element elementor-element-64ea46d elementor-widget elementor-widget-image\" data-id=\"64ea46d\" data-element_type=\"widget\" data-widget_type=\"image.default\">\n\t\t\t\t<div class=\"elementor-widget-container\">\n\t\t\t\t\t\t\t\t\t\t\t\t\t\t\t<img width=\"400\" height=\"400\" src=\"https:\/\/www.internationalfinanceconference.com\/ifc2023\/wp-content\/uploads\/12\/2023\/07\/ifc-2023-speaker-ortiz.jpg\" class=\"attachment-large size-large\" alt=\"\" srcset=\"https:\/\/www.internationalfinanceconference.com\/ifc2023\/wp-content\/uploads\/12\/2023\/07\/ifc-2023-speaker-ortiz-100x100.jpg 100w, https:\/\/www.internationalfinanceconference.com\/ifc2023\/wp-content\/uploads\/12\/2023\/07\/ifc-2023-speaker-ortiz-150x150.jpg 150w, https:\/\/www.internationalfinanceconference.com\/ifc2023\/wp-content\/uploads\/12\/2023\/07\/ifc-2023-speaker-ortiz-300x300.jpg 300w, https:\/\/www.internationalfinanceconference.com\/ifc2023\/wp-content\/uploads\/12\/2023\/07\/ifc-2023-speaker-ortiz.jpg 400w\" sizes=\"100vw\" \/>\t\t\t\t\t\t\t\t\t\t\t\t\t\t\t<\/div>\n\t\t\t\t<\/div>\n\t\t\t\t<div class=\"elementor-element elementor-element-e89360d elementor-widget elementor-widget-heading\" data-id=\"e89360d\" data-element_type=\"widget\" data-widget_type=\"heading.default\">\n\t\t\t\t<div class=\"elementor-widget-container\">\n\t\t\t<h2 class=\"elementor-heading-title elementor-size-default\">Jorge A. Ortiz<\/h2>\t\t<\/div>\n\t\t\t\t<\/div>\n\t\t\t\t\t<\/div>\n\t\t<\/div>\n\t\t\t\t\t\t\t<\/div>\n\t\t<\/section>\n\t\t\t\t<section class=\"elementor-section elementor-top-section elementor-element elementor-element-97fa519 elementor-section-boxed elementor-section-height-default elementor-section-height-default\" data-id=\"97fa519\" data-element_type=\"section\">\n\t\t\t\t\t\t<div class=\"elementor-container elementor-column-gap-wide\">\n\t\t\t\t\t<div class=\"elementor-column elementor-col-33 elementor-top-column elementor-element elementor-element-c8afc1f\" data-id=\"c8afc1f\" data-element_type=\"column\">\n\t\t\t<div class=\"elementor-widget-wrap elementor-element-populated\">\n\t\t\t\t\t\t\t\t<div class=\"elementor-element elementor-element-91770d9 elementor-widget elementor-widget-image\" data-id=\"91770d9\" data-element_type=\"widget\" data-widget_type=\"image.default\">\n\t\t\t\t<div class=\"elementor-widget-container\">\n\t\t\t\t\t\t\t\t\t\t\t\t\t\t\t<img width=\"400\" height=\"400\" src=\"https:\/\/www.internationalfinanceconference.com\/ifc2023\/wp-content\/uploads\/12\/2023\/07\/ifc-2023-speaker-gomez.jpg\" class=\"attachment-large size-large\" alt=\"\" srcset=\"https:\/\/www.internationalfinanceconference.com\/ifc2023\/wp-content\/uploads\/12\/2023\/07\/ifc-2023-speaker-gomez-100x100.jpg 100w, https:\/\/www.internationalfinanceconference.com\/ifc2023\/wp-content\/uploads\/12\/2023\/07\/ifc-2023-speaker-gomez-150x150.jpg 150w, https:\/\/www.internationalfinanceconference.com\/ifc2023\/wp-content\/uploads\/12\/2023\/07\/ifc-2023-speaker-gomez-300x300.jpg 300w, https:\/\/www.internationalfinanceconference.com\/ifc2023\/wp-content\/uploads\/12\/2023\/07\/ifc-2023-speaker-gomez.jpg 400w\" sizes=\"100vw\" \/>\t\t\t\t\t\t\t\t\t\t\t\t\t\t\t<\/div>\n\t\t\t\t<\/div>\n\t\t\t\t<div class=\"elementor-element elementor-element-0cfadca elementor-widget elementor-widget-heading\" data-id=\"0cfadca\" data-element_type=\"widget\" data-widget_type=\"heading.default\">\n\t\t\t\t<div class=\"elementor-widget-container\">\n\t\t\t<h2 class=\"elementor-heading-title elementor-size-default\">Dr. Jos\u00e9 Gerardo Ignacio G\u00f3mez Romero<\/h2>\t\t<\/div>\n\t\t\t\t<\/div>\n\t\t\t\t\t<\/div>\n\t\t<\/div>\n\t\t\t\t<div class=\"elementor-column elementor-col-33 elementor-top-column elementor-element elementor-element-e41bf6f\" data-id=\"e41bf6f\" data-element_type=\"column\">\n\t\t\t<div class=\"elementor-widget-wrap elementor-element-populated\">\n\t\t\t\t\t\t\t\t<div class=\"elementor-element elementor-element-1379f1f elementor-widget elementor-widget-image\" data-id=\"1379f1f\" data-element_type=\"widget\" data-widget_type=\"image.default\">\n\t\t\t\t<div class=\"elementor-widget-container\">\n\t\t\t\t\t\t\t\t\t\t\t\t\t\t\t<img width=\"400\" height=\"400\" src=\"https:\/\/www.internationalfinanceconference.com\/ifc2023\/wp-content\/uploads\/12\/2023\/07\/ifc-2023-speaker-preciado.jpg\" class=\"attachment-large size-large\" alt=\"\" srcset=\"https:\/\/www.internationalfinanceconference.com\/ifc2023\/wp-content\/uploads\/12\/2023\/07\/ifc-2023-speaker-preciado-100x100.jpg 100w, https:\/\/www.internationalfinanceconference.com\/ifc2023\/wp-content\/uploads\/12\/2023\/07\/ifc-2023-speaker-preciado-150x150.jpg 150w, https:\/\/www.internationalfinanceconference.com\/ifc2023\/wp-content\/uploads\/12\/2023\/07\/ifc-2023-speaker-preciado-300x300.jpg 300w, https:\/\/www.internationalfinanceconference.com\/ifc2023\/wp-content\/uploads\/12\/2023\/07\/ifc-2023-speaker-preciado.jpg 400w\" sizes=\"100vw\" \/>\t\t\t\t\t\t\t\t\t\t\t\t\t\t\t<\/div>\n\t\t\t\t<\/div>\n\t\t\t\t<div class=\"elementor-element elementor-element-fccce81 elementor-widget elementor-widget-heading\" data-id=\"fccce81\" data-element_type=\"widget\" data-widget_type=\"heading.default\">\n\t\t\t\t<div class=\"elementor-widget-container\">\n\t\t\t<h2 class=\"elementor-heading-title elementor-size-default\">Dra. Ana Lorena Jim\u00e9nez Preciado<\/h2>\t\t<\/div>\n\t\t\t\t<\/div>\n\t\t\t\t\t<\/div>\n\t\t<\/div>\n\t\t\t\t<div class=\"elementor-column elementor-col-33 elementor-top-column elementor-element elementor-element-7195093\" data-id=\"7195093\" data-element_type=\"column\">\n\t\t\t<div class=\"elementor-widget-wrap elementor-element-populated\">\n\t\t\t\t\t\t\t\t<div class=\"elementor-element elementor-element-69a113c elementor-widget elementor-widget-image\" data-id=\"69a113c\" data-element_type=\"widget\" data-widget_type=\"image.default\">\n\t\t\t\t<div class=\"elementor-widget-container\">\n\t\t\t\t\t\t\t\t\t\t\t\t\t\t\t<img width=\"400\" height=\"400\" src=\"https:\/\/www.internationalfinanceconference.com\/ifc2023\/wp-content\/uploads\/12\/2023\/07\/ifc-2023-speaker-stahl.jpg\" class=\"attachment-large size-large\" alt=\"\" srcset=\"https:\/\/www.internationalfinanceconference.com\/ifc2023\/wp-content\/uploads\/12\/2023\/07\/ifc-2023-speaker-stahl-100x100.jpg 100w, https:\/\/www.internationalfinanceconference.com\/ifc2023\/wp-content\/uploads\/12\/2023\/07\/ifc-2023-speaker-stahl-150x150.jpg 150w, https:\/\/www.internationalfinanceconference.com\/ifc2023\/wp-content\/uploads\/12\/2023\/07\/ifc-2023-speaker-stahl-300x300.jpg 300w, https:\/\/www.internationalfinanceconference.com\/ifc2023\/wp-content\/uploads\/12\/2023\/07\/ifc-2023-speaker-stahl.jpg 400w\" sizes=\"100vw\" \/>\t\t\t\t\t\t\t\t\t\t\t\t\t\t\t<\/div>\n\t\t\t\t<\/div>\n\t\t\t\t<div class=\"elementor-element elementor-element-51e81a9 elementor-widget elementor-widget-heading\" data-id=\"51e81a9\" data-element_type=\"widget\" data-widget_type=\"heading.default\">\n\t\t\t\t<div class=\"elementor-widget-container\">\n\t\t\t<h2 class=\"elementor-heading-title elementor-size-default\">Lic. Jonathan Hilton Stahl Ducker<\/h2>\t\t<\/div>\n\t\t\t\t<\/div>\n\t\t\t\t\t<\/div>\n\t\t<\/div>\n\t\t\t\t\t\t\t<\/div>\n\t\t<\/section>\n\t\t\t\t<section class=\"elementor-section elementor-top-section elementor-element elementor-element-dc0e421 elementor-section-boxed elementor-section-height-default elementor-section-height-default\" data-id=\"dc0e421\" data-element_type=\"section\">\n\t\t\t\t\t\t<div class=\"elementor-container elementor-column-gap-default\">\n\t\t\t\t\t<div class=\"elementor-column elementor-col-100 elementor-top-column elementor-element elementor-element-7e6cf53\" data-id=\"7e6cf53\" data-element_type=\"column\">\n\t\t\t<div class=\"elementor-widget-wrap elementor-element-populated\">\n\t\t\t\t\t\t\t\t<div class=\"elementor-element elementor-element-a161f08 elementor-align-center elementor-widget elementor-widget-button\" data-id=\"a161f08\" data-element_type=\"widget\" data-widget_type=\"button.default\">\n\t\t\t\t<div class=\"elementor-widget-container\">\n\t\t\t\t\t<div class=\"elementor-button-wrapper\">\n\t\t\t<a href=\"https:\/\/www.internationalfinanceconference.com\/ifc2023\/speakers\/\" class=\"elementor-button-link elementor-button elementor-size-sm\" role=\"button\">\n\t\t\t\t\t\t<span class=\"elementor-button-content-wrapper\">\n\t\t\t\t\t\t<span class=\"elementor-button-text\">M\u00c1S INFO SOBRE NUESTROS MAIN SPEAKERS<\/span>\n\t\t<\/span>\n\t\t\t\t\t<\/a>\n\t\t<\/div>\n\t\t\t\t<\/div>\n\t\t\t\t<\/div>\n\t\t\t\t\t<\/div>\n\t\t<\/div>\n\t\t\t\t\t\t\t<\/div>\n\t\t<\/section>\n\t\t\t\t\t\t\t<\/div>\n\t\t","protected":false},"excerpt":{"rendered":"<p>Ya tenemos confirmado el line up de los speakers principales del XXIII International Finance Conference 2023: Conectando finanzas y personas, el poder de humanizar los datos. Dr. Francisco Venegas Mart\u00ednez Liliana Zamacona Jorge A. Ortiz Dr. Jos\u00e9 Gerardo Ignacio G\u00f3mez Romero Dra. Ana Lorena Jim\u00e9nez Preciado Lic. Jonathan Hilton Stahl Ducker M\u00c1S INFO SOBRE NUESTROS &hellip; <\/p>\n<p class=\"link-more\"><a href=\"https:\/\/www.internationalfinanceconference.com\/ifc2023\/2023\/07\/13\/main-speakers\/\" class=\"more-link\">Segu\u00ed leyendo<span class=\"screen-reader-text\"> &#8220;Conoce a nuestros speakers principales&#8221;<\/span><\/a><\/p>\n","protected":false},"author":5,"featured_media":0,"comment_status":"open","ping_status":"open","sticky":false,"template":"elementor_header_footer","format":"standard","meta":[],"categories":[1],"tags":[],"_links":{"self":[{"href":"https:\/\/www.internationalfinanceconference.com\/ifc2023\/wp-json\/wp\/v2\/posts\/527"}],"collection":[{"href":"https:\/\/www.internationalfinanceconference.com\/ifc2023\/wp-json\/wp\/v2\/posts"}],"about":[{"href":"https:\/\/www.internationalfinanceconference.com\/ifc2023\/wp-json\/wp\/v2\/types\/post"}],"author":[{"embeddable":true,"href":"https:\/\/www.internationalfinanceconference.com\/ifc2023\/wp-json\/wp\/v2\/users\/5"}],"replies":[{"embeddable":true,"href":"https:\/\/www.internationalfinanceconference.com\/ifc2023\/wp-json\/wp\/v2\/comments?post=527"}],"version-history":[{"count":13,"href":"https:\/\/www.internationalfinanceconference.com\/ifc2023\/wp-json\/wp\/v2\/posts\/527\/revisions"}],"predecessor-version":[{"id":541,"href":"https:\/\/www.internationalfinanceconference.com\/ifc2023\/wp-json\/wp\/v2\/posts\/527\/revisions\/541"}],"wp:attachment":[{"href":"https:\/\/www.internationalfinanceconference.com\/ifc2023\/wp-json\/wp\/v2\/media?parent=527"}],"wp:term":[{"taxonomy":"category","embeddable":true,"href":"https:\/\/www.internationalfinanceconference.com\/ifc2023\/wp-json\/wp\/v2\/categories?post=527"},{"taxonomy":"post_tag","embeddable":true,"href":"https:\/\/www.internationalfinanceconference.com\/ifc2023\/wp-json\/wp\/v2\/tags?post=527"}],"curies":[{"name":"wp","href":"https:\/\/api.w.org\/{rel}","templated":true}]}}