{"id":307,"date":"2023-06-12T15:46:47","date_gmt":"2023-06-12T18:46:47","guid":{"rendered":"http:\/\/www.internationalfinanceconference.org\/ifc2023\/?p=307"},"modified":"2023-07-13T20:31:47","modified_gmt":"2023-07-13T23:31:47","slug":"leticia-tolosa-presidente-del-board-de-la-ifc-invita-a-la-edicion-2023-en-durango","status":"publish","type":"post","link":"https:\/\/www.internationalfinanceconference.com\/ifc2023\/2023\/06\/12\/leticia-tolosa-presidente-del-board-de-la-ifc-invita-a-la-edicion-2023-en-durango\/","title":{"rendered":"Leticia Tolosa, Presidente del board de la IFC, invita a la edici\u00f3n 2023 en Durango"},"content":{"rendered":"\t\t<div data-elementor-type=\"wp-post\" data-elementor-id=\"307\" class=\"elementor elementor-307\">\n\t\t\t\t\t\t\t\t\t<section class=\"elementor-section elementor-top-section elementor-element elementor-element-c16625c elementor-section-boxed elementor-section-height-default elementor-section-height-default\" data-id=\"c16625c\" data-element_type=\"section\">\n\t\t\t\t\t\t<div class=\"elementor-container elementor-column-gap-default\">\n\t\t\t\t\t<div class=\"elementor-column elementor-col-100 elementor-top-column elementor-element elementor-element-36db19e\" data-id=\"36db19e\" data-element_type=\"column\">\n\t\t\t<div class=\"elementor-widget-wrap elementor-element-populated\">\n\t\t\t\t\t\t\t\t<div class=\"elementor-element elementor-element-8dadd15 elementor-widget elementor-widget-theme-post-title elementor-page-title elementor-widget-heading\" data-id=\"8dadd15\" data-element_type=\"widget\" data-widget_type=\"theme-post-title.default\">\n\t\t\t\t<div class=\"elementor-widget-container\">\n\t\t\t<style>\/*! elementor - v3.6.3 - 12-04-2022 *\/\n.elementor-heading-title{padding:0;margin:0;line-height:1}.elementor-widget-heading .elementor-heading-title[class*=elementor-size-]>a{color:inherit;font-size:inherit;line-height:inherit}.elementor-widget-heading .elementor-heading-title.elementor-size-small{font-size:15px}.elementor-widget-heading .elementor-heading-title.elementor-size-medium{font-size:19px}.elementor-widget-heading .elementor-heading-title.elementor-size-large{font-size:29px}.elementor-widget-heading .elementor-heading-title.elementor-size-xl{font-size:39px}.elementor-widget-heading .elementor-heading-title.elementor-size-xxl{font-size:59px}<\/style><h1 class=\"elementor-heading-title elementor-size-default\">Leticia Tolosa, Presidente del board de la IFC, invita a la edici\u00f3n 2023 en Durango<\/h1>\t\t<\/div>\n\t\t\t\t<\/div>\n\t\t\t\t\t<\/div>\n\t\t<\/div>\n\t\t\t\t\t\t\t<\/div>\n\t\t<\/section>\n\t\t\t\t<section class=\"elementor-section elementor-top-section elementor-element elementor-element-1281788 elementor-section-boxed elementor-section-height-default elementor-section-height-default\" data-id=\"1281788\" data-element_type=\"section\">\n\t\t\t\t\t\t<div class=\"elementor-container elementor-column-gap-default\">\n\t\t\t\t\t<div class=\"elementor-column elementor-col-100 elementor-top-column elementor-element elementor-element-86caa4d\" data-id=\"86caa4d\" data-element_type=\"column\">\n\t\t\t<div class=\"elementor-widget-wrap elementor-element-populated\">\n\t\t\t\t\t\t\t\t<div class=\"elementor-element elementor-element-1ae70b1 elementor-widget elementor-widget-text-editor\" data-id=\"1ae70b1\" data-element_type=\"widget\" data-widget_type=\"text-editor.default\">\n\t\t\t\t<div class=\"elementor-widget-container\">\n\t\t\t<style>\/*! elementor - v3.6.3 - 12-04-2022 *\/\n.elementor-widget-text-editor.elementor-drop-cap-view-stacked .elementor-drop-cap{background-color:#818a91;color:#fff}.elementor-widget-text-editor.elementor-drop-cap-view-framed .elementor-drop-cap{color:#818a91;border:3px solid;background-color:transparent}.elementor-widget-text-editor:not(.elementor-drop-cap-view-default) .elementor-drop-cap{margin-top:8px}.elementor-widget-text-editor:not(.elementor-drop-cap-view-default) .elementor-drop-cap-letter{width:1em;height:1em}.elementor-widget-text-editor .elementor-drop-cap{float:left;text-align:center;line-height:1;font-size:50px}.elementor-widget-text-editor .elementor-drop-cap-letter{display:inline-block}<\/style>\t\t\t\t<p>La Presidenta de la International Finance Conference, <strong>Dra. Leticia Eva Tolosa<\/strong>, invita a toda la comunidad acad\u00e9mica a participar de la edici\u00f3n 2023 de la conferencia, que tendr\u00e1 lugar en la Universidad Ju\u00e1rez del Estado de Durango (M\u00e9xico), del 20 al 23 de septiembre: <strong>Conectando finanzas y personas, el poder de humanizar los datos.<\/strong><\/p>\t\t\t\t\t\t<\/div>\n\t\t\t\t<\/div>\n\t\t\t\t\t<\/div>\n\t\t<\/div>\n\t\t\t\t\t\t\t<\/div>\n\t\t<\/section>\n\t\t\t\t<section class=\"elementor-section elementor-top-section elementor-element elementor-element-42cab7b elementor-section-boxed elementor-section-height-default elementor-section-height-default\" data-id=\"42cab7b\" data-element_type=\"section\">\n\t\t\t\t\t\t<div class=\"elementor-container elementor-column-gap-default\">\n\t\t\t\t\t<div class=\"elementor-column elementor-col-100 elementor-top-column elementor-element elementor-element-3ba824c\" data-id=\"3ba824c\" data-element_type=\"column\">\n\t\t\t<div class=\"elementor-widget-wrap elementor-element-populated\">\n\t\t\t\t\t\t\t\t<div class=\"elementor-element elementor-element-1a6678b elementor-aspect-ratio-169 elementor-widget elementor-widget-video\" data-id=\"1a6678b\" data-element_type=\"widget\" data-settings=\"{&quot;youtube_url&quot;:&quot;https:\\\/\\\/www.youtube.com\\\/watch?v=vmlHw2I-cWs&quot;,&quot;video_type&quot;:&quot;youtube&quot;,&quot;controls&quot;:&quot;yes&quot;,&quot;aspect_ratio&quot;:&quot;169&quot;}\" data-widget_type=\"video.default\">\n\t\t\t\t<div class=\"elementor-widget-container\">\n\t\t\t<style>\/*! elementor - v3.6.3 - 12-04-2022 *\/\n.elementor-widget-video .elementor-widget-container{overflow:hidden;-webkit-transform:translateZ(0);transform:translateZ(0)}.elementor-widget-video .elementor-open-inline .elementor-custom-embed-image-overlay{position:absolute;top:0;left:0;width:100%;height:100%;background-size:cover;background-position:50%}.elementor-widget-video .elementor-custom-embed-image-overlay{cursor:pointer;text-align:center}.elementor-widget-video .elementor-custom-embed-image-overlay:hover .elementor-custom-embed-play i{opacity:1}.elementor-widget-video .elementor-custom-embed-image-overlay img{display:block;width:100%}.elementor-widget-video .e-hosted-video .elementor-video{-o-object-fit:cover;object-fit:cover}<\/style>\t\t<div class=\"elementor-wrapper elementor-fit-aspect-ratio elementor-open-inline\">\n\t\t\t<div class=\"elementor-video\"><\/div>\t\t<\/div>\n\t\t\t\t<\/div>\n\t\t\t\t<\/div>\n\t\t\t\t\t<\/div>\n\t\t<\/div>\n\t\t\t\t\t\t\t<\/div>\n\t\t<\/section>\n\t\t\t\t\t\t\t<\/div>\n\t\t","protected":false},"excerpt":{"rendered":"<p>La Presidenta de la International Finance Conference, Dra. Leticia Eva Tolosa, invita a toda la comunidad acad\u00e9mica a participar de la edici\u00f3n 2023 de la conferencia, que tendr\u00e1 lugar en la Universidad Ju\u00e1rez del Estado de Durango (M\u00e9xico), del 20 al 23 de septiembre: Conectando finanzas y personas, el poder de humanizar los datos. https:\/\/www.youtube.com\/watch?v=vmlHw2I-cWs<\/p>\n","protected":false},"author":5,"featured_media":0,"comment_status":"open","ping_status":"open","sticky":false,"template":"elementor_header_footer","format":"standard","meta":[],"categories":[1],"tags":[],"_links":{"self":[{"href":"https:\/\/www.internationalfinanceconference.com\/ifc2023\/wp-json\/wp\/v2\/posts\/307"}],"collection":[{"href":"https:\/\/www.internationalfinanceconference.com\/ifc2023\/wp-json\/wp\/v2\/posts"}],"about":[{"href":"https:\/\/www.internationalfinanceconference.com\/ifc2023\/wp-json\/wp\/v2\/types\/post"}],"author":[{"embeddable":true,"href":"https:\/\/www.internationalfinanceconference.com\/ifc2023\/wp-json\/wp\/v2\/users\/5"}],"replies":[{"embeddable":true,"href":"https:\/\/www.internationalfinanceconference.com\/ifc2023\/wp-json\/wp\/v2\/comments?post=307"}],"version-history":[{"count":6,"href":"https:\/\/www.internationalfinanceconference.com\/ifc2023\/wp-json\/wp\/v2\/posts\/307\/revisions"}],"predecessor-version":[{"id":544,"href":"https:\/\/www.internationalfinanceconference.com\/ifc2023\/wp-json\/wp\/v2\/posts\/307\/revisions\/544"}],"wp:attachment":[{"href":"https:\/\/www.internationalfinanceconference.com\/ifc2023\/wp-json\/wp\/v2\/media?parent=307"}],"wp:term":[{"taxonomy":"category","embeddable":true,"href":"https:\/\/www.internationalfinanceconference.com\/ifc2023\/wp-json\/wp\/v2\/categories?post=307"},{"taxonomy":"post_tag","embeddable":true,"href":"https:\/\/www.internationalfinanceconference.com\/ifc2023\/wp-json\/wp\/v2\/tags?post=307"}],"curies":[{"name":"wp","href":"https:\/\/api.w.org\/{rel}","templated":true}]}}