{"id":134,"date":"2023-03-31T09:00:38","date_gmt":"2023-03-31T12:00:38","guid":{"rendered":"http:\/\/www.internationalfinanceconference.org\/ifc2023\/?p=134"},"modified":"2023-03-31T09:31:08","modified_gmt":"2023-03-31T12:31:08","slug":"conferencia-lanzamiento","status":"publish","type":"post","link":"https:\/\/www.internationalfinanceconference.com\/ifc2023\/2023\/03\/31\/conferencia-lanzamiento\/","title":{"rendered":"Conferencia de lanzamiento IFC 2023"},"content":{"rendered":"\t\t<div data-elementor-type=\"wp-post\" data-elementor-id=\"134\" class=\"elementor elementor-134\">\n\t\t\t\t\t\t\t\t\t<section class=\"elementor-section elementor-top-section elementor-element elementor-element-9f49f2b elementor-section-boxed elementor-section-height-default elementor-section-height-default\" data-id=\"9f49f2b\" data-element_type=\"section\">\n\t\t\t\t\t\t<div class=\"elementor-container elementor-column-gap-default\">\n\t\t\t\t\t<div class=\"elementor-column elementor-col-100 elementor-top-column elementor-element elementor-element-8cd0f54\" data-id=\"8cd0f54\" data-element_type=\"column\">\n\t\t\t<div class=\"elementor-widget-wrap elementor-element-populated\">\n\t\t\t\t\t\t\t\t<div class=\"elementor-element elementor-element-9d926bb elementor-widget elementor-widget-theme-post-title elementor-page-title elementor-widget-heading\" data-id=\"9d926bb\" data-element_type=\"widget\" data-widget_type=\"theme-post-title.default\">\n\t\t\t\t<div class=\"elementor-widget-container\">\n\t\t\t<style>\/*! elementor - v3.6.3 - 12-04-2022 *\/\n.elementor-heading-title{padding:0;margin:0;line-height:1}.elementor-widget-heading .elementor-heading-title[class*=elementor-size-]>a{color:inherit;font-size:inherit;line-height:inherit}.elementor-widget-heading .elementor-heading-title.elementor-size-small{font-size:15px}.elementor-widget-heading .elementor-heading-title.elementor-size-medium{font-size:19px}.elementor-widget-heading .elementor-heading-title.elementor-size-large{font-size:29px}.elementor-widget-heading .elementor-heading-title.elementor-size-xl{font-size:39px}.elementor-widget-heading .elementor-heading-title.elementor-size-xxl{font-size:59px}<\/style><h1 class=\"elementor-heading-title elementor-size-default\">Conferencia de lanzamiento IFC 2023<\/h1>\t\t<\/div>\n\t\t\t\t<\/div>\n\t\t\t\t<div class=\"elementor-element elementor-element-868dcd0 elementor-widget elementor-widget-text-editor\" data-id=\"868dcd0\" data-element_type=\"widget\" data-widget_type=\"text-editor.default\">\n\t\t\t\t<div class=\"elementor-widget-container\">\n\t\t\t<style>\/*! elementor - v3.6.3 - 12-04-2022 *\/\n.elementor-widget-text-editor.elementor-drop-cap-view-stacked .elementor-drop-cap{background-color:#818a91;color:#fff}.elementor-widget-text-editor.elementor-drop-cap-view-framed .elementor-drop-cap{color:#818a91;border:3px solid;background-color:transparent}.elementor-widget-text-editor:not(.elementor-drop-cap-view-default) .elementor-drop-cap{margin-top:8px}.elementor-widget-text-editor:not(.elementor-drop-cap-view-default) .elementor-drop-cap-letter{width:1em;height:1em}.elementor-widget-text-editor .elementor-drop-cap{float:left;text-align:center;line-height:1;font-size:50px}.elementor-widget-text-editor .elementor-drop-cap-letter{display:inline-block}<\/style>\t\t\t\tEl viernes 31 de marzo se llevar\u00e1 a cabo la conferencia de lanzamiento de la <b>XXIII International Finance Conference<\/b>, con la participaci\u00f3n especial de Alejandra Marcos Iza, quien disertar\u00e1 sobre Perspectivas para 2023: de la inflaci\u00f3n al crecimiento.\n<br><br>\nAlejandra se desempe\u00f1a actualmente como Directora de an\u00e1lisis y estrategia de\u00a0<a href=\"https:\/\/www.linkedin.com\/company\/intercam-grupo-financiero\/\" data-attribute-index=\"0\" data-entity-type=\"MINI_COMPANY\">Intercam Grupo Financiero<\/a>. Participa como columnista de opini\u00f3n para\u00a0<a href=\"https:\/\/www.linkedin.com\/company\/el-financiero\/\" data-attribute-index=\"2\" data-entity-type=\"MINI_COMPANY\">El Financiero<\/a>,\u00a0<a href=\"https:\/\/www.linkedin.com\/company\/bloomberg\/\" data-attribute-index=\"4\" data-entity-type=\"MINI_COMPANY\">Bloomberg<\/a>\u00a0TV, F\u00f3rmula financiera, En transici\u00f3n y Al cierre. Adem\u00e1s, hace parte del Top 10 ranked analyst de\u00a0<a href=\"https:\/\/www.linkedin.com\/company\/reuters2\/\" data-attribute-index=\"6\" data-entity-type=\"MINI_COMPANY\">Reuters<\/a>\u00a0y es embajadora de Mujeres en finanzas.<br><br>\n\n<span style=\"font-size: 2em;\">Informaci\u00f3n de acceso<\/span><br>\nId Zoom: 813 7258 1663<br>\nPass: IFC2023\t\t\t\t\t\t<\/div>\n\t\t\t\t<\/div>\n\t\t\t\t<div class=\"elementor-element elementor-element-e3a02d6 elementor-widget elementor-widget-spacer\" data-id=\"e3a02d6\" data-element_type=\"widget\" data-widget_type=\"spacer.default\">\n\t\t\t\t<div class=\"elementor-widget-container\">\n\t\t\t<style>\/*! elementor - v3.6.3 - 12-04-2022 *\/\n.e-container.e-container--row .elementor-spacer-inner{width:var(--spacer-size)}.e-container.e-container--column .elementor-spacer-inner,.elementor-column .elementor-spacer-inner{height:var(--spacer-size)}<\/style>\t\t<div class=\"elementor-spacer\">\n\t\t\t<div class=\"elementor-spacer-inner\"><\/div>\n\t\t<\/div>\n\t\t\t\t<\/div>\n\t\t\t\t<\/div>\n\t\t\t\t<div class=\"elementor-element elementor-element-3924075 elementor-widget elementor-widget-image\" data-id=\"3924075\" data-element_type=\"widget\" data-widget_type=\"image.default\">\n\t\t\t\t<div class=\"elementor-widget-container\">\n\t\t\t<style>\/*! elementor - v3.6.3 - 12-04-2022 *\/\n.elementor-widget-image{text-align:center}.elementor-widget-image a{display:inline-block}.elementor-widget-image a img[src$=\".svg\"]{width:48px}.elementor-widget-image img{vertical-align:middle;display:inline-block}<\/style>\t\t\t\t\t\t\t\t\t\t\t\t<img width=\"525\" height=\"525\" src=\"https:\/\/www.internationalfinanceconference.com\/ifc2023\/wp-content\/uploads\/12\/2023\/03\/WhatsApp-Image-2023-03-20-at-18.22.02-1024x1024.jpeg\" class=\"attachment-large size-large\" alt=\"\" srcset=\"https:\/\/www.internationalfinanceconference.com\/ifc2023\/wp-content\/uploads\/12\/2023\/03\/WhatsApp-Image-2023-03-20-at-18.22.02-100x100.jpeg 100w, https:\/\/www.internationalfinanceconference.com\/ifc2023\/wp-content\/uploads\/12\/2023\/03\/WhatsApp-Image-2023-03-20-at-18.22.02-150x150.jpeg 150w, https:\/\/www.internationalfinanceconference.com\/ifc2023\/wp-content\/uploads\/12\/2023\/03\/WhatsApp-Image-2023-03-20-at-18.22.02-300x300.jpeg 300w, https:\/\/www.internationalfinanceconference.com\/ifc2023\/wp-content\/uploads\/12\/2023\/03\/WhatsApp-Image-2023-03-20-at-18.22.02-768x768.jpeg 768w, https:\/\/www.internationalfinanceconference.com\/ifc2023\/wp-content\/uploads\/12\/2023\/03\/WhatsApp-Image-2023-03-20-at-18.22.02-1024x1024.jpeg 1024w, https:\/\/www.internationalfinanceconference.com\/ifc2023\/wp-content\/uploads\/12\/2023\/03\/WhatsApp-Image-2023-03-20-at-18.22.02.jpeg 1080w\" sizes=\"100vw\" \/>\t\t\t\t\t\t\t\t\t\t\t\t\t\t\t<\/div>\n\t\t\t\t<\/div>\n\t\t\t\t\t<\/div>\n\t\t<\/div>\n\t\t\t\t\t\t\t<\/div>\n\t\t<\/section>\n\t\t\t\t\t\t\t<\/div>\n\t\t","protected":false},"excerpt":{"rendered":"<p>El viernes 31 de marzo se llevar\u00e1 a cabo la conferencia de lanzamiento de la XXIII International Finance Conference, con la participaci\u00f3n especial de Alejandra Marcos Iza, quien disertar\u00e1 sobre Perspectivas para 2023: de la inflaci\u00f3n al crecimiento. Alejandra se desempe\u00f1a actualmente como Directora de an\u00e1lisis y estrategia de\u00a0Intercam Grupo Financiero. Participa como columnista de &hellip; <\/p>\n<p class=\"link-more\"><a href=\"https:\/\/www.internationalfinanceconference.com\/ifc2023\/2023\/03\/31\/conferencia-lanzamiento\/\" class=\"more-link\">Segu\u00ed leyendo<span class=\"screen-reader-text\"> &#8220;Conferencia de lanzamiento IFC 2023&#8221;<\/span><\/a><\/p>\n","protected":false},"author":5,"featured_media":0,"comment_status":"open","ping_status":"open","sticky":false,"template":"elementor_header_footer","format":"standard","meta":[],"categories":[5],"tags":[4],"_links":{"self":[{"href":"https:\/\/www.internationalfinanceconference.com\/ifc2023\/wp-json\/wp\/v2\/posts\/134"}],"collection":[{"href":"https:\/\/www.internationalfinanceconference.com\/ifc2023\/wp-json\/wp\/v2\/posts"}],"about":[{"href":"https:\/\/www.internationalfinanceconference.com\/ifc2023\/wp-json\/wp\/v2\/types\/post"}],"author":[{"embeddable":true,"href":"https:\/\/www.internationalfinanceconference.com\/ifc2023\/wp-json\/wp\/v2\/users\/5"}],"replies":[{"embeddable":true,"href":"https:\/\/www.internationalfinanceconference.com\/ifc2023\/wp-json\/wp\/v2\/comments?post=134"}],"version-history":[{"count":7,"href":"https:\/\/www.internationalfinanceconference.com\/ifc2023\/wp-json\/wp\/v2\/posts\/134\/revisions"}],"predecessor-version":[{"id":145,"href":"https:\/\/www.internationalfinanceconference.com\/ifc2023\/wp-json\/wp\/v2\/posts\/134\/revisions\/145"}],"wp:attachment":[{"href":"https:\/\/www.internationalfinanceconference.com\/ifc2023\/wp-json\/wp\/v2\/media?parent=134"}],"wp:term":[{"taxonomy":"category","embeddable":true,"href":"https:\/\/www.internationalfinanceconference.com\/ifc2023\/wp-json\/wp\/v2\/categories?post=134"},{"taxonomy":"post_tag","embeddable":true,"href":"https:\/\/www.internationalfinanceconference.com\/ifc2023\/wp-json\/wp\/v2\/tags?post=134"}],"curies":[{"name":"wp","href":"https:\/\/api.w.org\/{rel}","templated":true}]}}